{"id":36720,"date":"2018-07-19T09:12:28","date_gmt":"2018-07-19T12:12:28","guid":{"rendered":"https:\/\/eldiariodesanpedro.com.ar\/sitio\/?p=36720"},"modified":"2018-07-19T11:12:51","modified_gmt":"2018-07-19T14:12:51","slug":"se-realizaron-allanamientos-por-hechos-de-robo-en-rio-tala-y-en-nuestra-ciudad","status":"publish","type":"post","link":"https:\/\/eldiariodesanpedro.com.ar\/sitio\/se-realizaron-allanamientos-por-hechos-de-robo-en-rio-tala-y-en-nuestra-ciudad\/","title":{"rendered":"Se realizaron allanamientos por hechos de robo en R\u00edo Tala y en nuestra ciudad"},"content":{"rendered":"<p><!-- VideographyWP Plugin Message: Automatic video embedding prevented by plugin options. --><br \/>\nLas diligencias se realizaron en la tarde del mi\u00e9rcoles, una en la localidad vecina de R\u00edo Tala por el hecho de robo de electrodom\u00e9sticos dando resultado negativo, y otra diligencia en nuestra ciudad, por el hecho de robo en una tienda de ropa dando resultado positivo.<\/p>\n<p>Personal policial de Comisar\u00eda Local, abocados a tareas investigativas se logr\u00f3 establecer con posibles autores materiales en relaci\u00f3n a hecho de ROBO ocurrido d\u00edas atr\u00e1s en un comercio rubro tienda sobre calle Mitre de esta ciudad, solicit\u00e1ndolo \u00f3rdenes de allanamiento, las que fueron otorgadas por la Justicia ordinaria, y cumplimentadas por personal de esta Dependencia juntamente con personal de Investigaciones de esta ciudad, en uno de los objetivos ubicado en calle Molina donde arroj\u00f3 resultados favorables, procedi\u00e9ndose al secuestro de UNA CAMPERA sustra\u00edda en el hecho.<\/p>\n<p>No hay detenidos, continuando con la investigaci\u00f3n la Fiscal\u00eda con elemento de prueba.<\/p>\n<p><img decoding=\"async\" data-attachment-id=\"36751\" data-permalink=\"https:\/\/eldiariodesanpedro.com.ar\/sitio\/se-realizaron-allanamientos-por-hechos-de-robo-en-rio-tala-y-en-nuestra-ciudad\/campera-secuestrada\/\" data-orig-file=\"https:\/\/eldiariodesanpedro.com.ar\/sitio\/wp-content\/uploads\/2018\/07\/campera-secuestrada-e1532009535662.jpeg\" data-orig-size=\"500,667\" data-comments-opened=\"1\" data-image-meta=\"{&quot;aperture&quot;:&quot;0&quot;,&quot;credit&quot;:&quot;&quot;,&quot;camera&quot;:&quot;&quot;,&quot;caption&quot;:&quot;&quot;,&quot;created_timestamp&quot;:&quot;0&quot;,&quot;copyright&quot;:&quot;&quot;,&quot;focal_length&quot;:&quot;0&quot;,&quot;iso&quot;:&quot;0&quot;,&quot;shutter_speed&quot;:&quot;0&quot;,&quot;title&quot;:&quot;&quot;,&quot;orientation&quot;:&quot;0&quot;}\" data-image-title=\"campera secuestrada\" data-image-description=\"\" data-image-caption=\"\" data-large-file=\"https:\/\/eldiariodesanpedro.com.ar\/sitio\/wp-content\/uploads\/2018\/07\/campera-secuestrada-768x1024.jpeg\" class=\"alignnone size-large wp-image-36751 lazyload\" data-src=\"https:\/\/eldiariodesanpedro.com.ar\/sitio\/wp-content\/uploads\/2018\/07\/campera-secuestrada-768x1024.jpeg\" alt=\"\" width=\"660\" height=\"880\" src=\"data:image\/svg+xml;base64,PHN2ZyB3aWR0aD0iMSIgaGVpZ2h0PSIxIiB4bWxucz0iaHR0cDovL3d3dy53My5vcmcvMjAwMC9zdmciPjwvc3ZnPg==\" style=\"--smush-placeholder-width: 660px; --smush-placeholder-aspect-ratio: 660\/880;\" \/><\/p>\n<p>Tambi\u00e9n, en R\u00edo Tala, luego de que una ciudadana de 44 a\u00f1os denunciara que delincuentes ingresaron a su domicilio, previo violentar la ventana delantera de su local comercial rubro Bar ubicado delante de su viviendas, sito en calle Camelino, donde sustrajeron un electrodom\u00e9stico y bebidas alcoh\u00f3licas; Fiscal\u00eda en turno de San Pedro, investiga el hecho, y tras distintas tareas, se solicit\u00f3 la orden de allanamiento para un domicilio en calle Rivadavia de la misma localidad, el cual extendido por la justicia ordinaria es diligenciado en amplio operativo policial pero arroj\u00f3 resultado negativo.<\/p>\n<p>Se prosiguen las tareas de investigaci\u00f3n con la Fiscal\u00eda mencionada.<\/p>\n","protected":false},"excerpt":{"rendered":"<p>Las diligencias se realizaron en la tarde del mi\u00e9rcoles, una en la localidad vecina de R\u00edo Tala por el hecho de robo de electrodom\u00e9sticos dando resultado negativo, y otra diligencia en nuestra ciudad, por el hecho de robo en una tienda de ropa dando resultado positivo. Personal policial de Comisar\u00eda Local, abocados a tareas investigativas [&hellip;]<\/p>\n","protected":false},"author":4,"featured_media":23313,"comment_status":"open","ping_status":"closed","sticky":false,"template":"","format":"standard","meta":{"om_disable_all_campaigns":false,"_jetpack_memberships_contains_paid_content":false,"footnotes":""},"categories":[50,2,103],"tags":[],"class_list":["post-36720","post","type-post","status-publish","format-standard","has-post-thumbnail","hentry","category-destacadas","category-locales","category-policiales-locales"],"aioseo_notices":[],"gutentor_comment":0,"jetpack_featured_media_url":"https:\/\/eldiariodesanpedro.com.ar\/sitio\/wp-content\/uploads\/2017\/09\/patrulla-nocturna.jpg","jetpack_shortlink":"https:\/\/wp.me\/p6RhLt-9yg","jetpack_sharing_enabled":true,"_links":{"self":[{"href":"https:\/\/eldiariodesanpedro.com.ar\/sitio\/wp-json\/wp\/v2\/posts\/36720","targetHints":{"allow":["GET"]}}],"collection":[{"href":"https:\/\/eldiariodesanpedro.com.ar\/sitio\/wp-json\/wp\/v2\/posts"}],"about":[{"href":"https:\/\/eldiariodesanpedro.com.ar\/sitio\/wp-json\/wp\/v2\/types\/post"}],"author":[{"embeddable":true,"href":"https:\/\/eldiariodesanpedro.com.ar\/sitio\/wp-json\/wp\/v2\/users\/4"}],"replies":[{"embeddable":true,"href":"https:\/\/eldiariodesanpedro.com.ar\/sitio\/wp-json\/wp\/v2\/comments?post=36720"}],"version-history":[{"count":3,"href":"https:\/\/eldiariodesanpedro.com.ar\/sitio\/wp-json\/wp\/v2\/posts\/36720\/revisions"}],"predecessor-version":[{"id":36753,"href":"https:\/\/eldiariodesanpedro.com.ar\/sitio\/wp-json\/wp\/v2\/posts\/36720\/revisions\/36753"}],"wp:featuredmedia":[{"embeddable":true,"href":"https:\/\/eldiariodesanpedro.com.ar\/sitio\/wp-json\/wp\/v2\/media\/23313"}],"wp:attachment":[{"href":"https:\/\/eldiariodesanpedro.com.ar\/sitio\/wp-json\/wp\/v2\/media?parent=36720"}],"wp:term":[{"taxonomy":"category","embeddable":true,"href":"https:\/\/eldiariodesanpedro.com.ar\/sitio\/wp-json\/wp\/v2\/categories?post=36720"},{"taxonomy":"post_tag","embeddable":true,"href":"https:\/\/eldiariodesanpedro.com.ar\/sitio\/wp-json\/wp\/v2\/tags?post=36720"}],"curies":[{"name":"wp","href":"https:\/\/api.w.org\/{rel}","templated":true}]}}