{"id":36717,"date":"2018-07-18T20:55:14","date_gmt":"2018-07-18T23:55:14","guid":{"rendered":"https:\/\/eldiariodesanpedro.com.ar\/sitio\/?p=36717"},"modified":"2026-01-23T23:51:32","modified_gmt":"2026-01-24T02:51:32","slug":"automovilismo-el-rally-enamora-y-yo-me-enamore","status":"publish","type":"post","link":"https:\/\/eldiariodesanpedro.com.ar\/sitio\/automovilismo-el-rally-enamora-y-yo-me-enamore\/","title":{"rendered":"AUTOMOVILISMO: \u201cEl rally enamora y yo me enamore\u201d"},"content":{"rendered":"<p><!-- VideographyWP Plugin Message: Automatic video embedding prevented by plugin options. --><br \/>\nPor Quendresa<\/p>\n<p>La 4\u00aa fecha del Campeonato Argentino de Rally Federal le permiti\u00f3 a \u201cViti\u201d Solmi tomar revancha de los contratiempos que, en la fecha anterior, lo privaron de la victoria. Este fin de semana, festej\u00f3 desde lo m\u00e1s alto del podio una vez m\u00e1s y se estableci\u00f3 como l\u00edder del campeonato en la clase N3.<\/p>\n<p>  Desde el inicio de la competencia, \u201cViti\u201d le daba pelea a Cuevas, quien ven\u00eda al frente en las primeras especiales. Al cierre de la primera etapa el representante Sampedrino superaba al de Mar del Plata y se alzaba con la victoria parcial.<\/p>\n<p>  En la segunda y \u00faltima etapa Solmi segu\u00eda siendo l\u00edder, pero su rival lo segu\u00eda de cerca, para desgracia de ellos, en una de las \u00faltimas pruebas cronometradas sufrieron un despiste, donde por los da\u00f1os en su auto no pudieron seguir en carrera.<\/p>\n<p>  En la \u00faltima prueba especial, cuando ya se empezaba a festejar la victoria, un serio problema de temperatura apareci\u00f3 en el VW Gol, pero por suerte pudieron completar los \u00faltimos kil\u00f3metros y llegar al parque cerrado para validar su victoria.<\/p>\n<p>  \u201cMe llevo una gran satisfacci\u00f3n, no siempre hace falta que seamos mucho para que se d\u00e9 una linda carrera. Campana evolucion\u00f3 mucho con respecto al a\u00f1o pasado, este a\u00f1o mostraron un gran avance y no tengo duda que la del pr\u00f3ximo a\u00f1o ser\u00e1 a\u00fan mejor.<\/p>\n<p>  Vamos a seguir trabajando de esta manera, tener continuidad en estos tiempos es un premio y eso nos pone muy contentos\u201d. Comentaba \u201cViti\u201d al finalizar la especial.<\/p>\n<p>  La pr\u00f3xima fecha ser\u00e1 los d\u00edas 3, 4 y 5 de agosto en la Ciudad de Pergamino.<\/p>\n<p><img decoding=\"async\" data-attachment-id=\"36716\" data-permalink=\"https:\/\/eldiariodesanpedro.com.ar\/sitio\/?attachment_id=36716\" data-orig-file=\"https:\/\/eldiariodesanpedro.com.ar\/sitio\/wp-content\/uploads\/2018\/07\/foto-3-solmi.jpg\" data-orig-size=\"960,720\" data-comments-opened=\"1\" data-image-meta=\"{&quot;aperture&quot;:&quot;0&quot;,&quot;credit&quot;:&quot;&quot;,&quot;camera&quot;:&quot;&quot;,&quot;caption&quot;:&quot;&quot;,&quot;created_timestamp&quot;:&quot;0&quot;,&quot;copyright&quot;:&quot;&quot;,&quot;focal_length&quot;:&quot;0&quot;,&quot;iso&quot;:&quot;0&quot;,&quot;shutter_speed&quot;:&quot;0&quot;,&quot;title&quot;:&quot;&quot;,&quot;orientation&quot;:&quot;0&quot;}\" data-image-title=\"foto 3 solmi\" data-image-description=\"\" data-image-caption=\"\" data-large-file=\"https:\/\/eldiariodesanpedro.com.ar\/sitio\/wp-content\/uploads\/2018\/07\/foto-3-solmi.jpg\" data-src=\"https:\/\/eldiariodesanpedro.com.ar\/sitio\/wp-content\/uploads\/2018\/07\/foto-3-solmi.jpg\" alt=\"\" width=\"960\" height=\"720\" class=\"alignnone size-full wp-image-36716 lazyload\" data-srcset=\"https:\/\/eldiariodesanpedro.com.ar\/sitio\/wp-content\/uploads\/2018\/07\/foto-3-solmi.jpg 960w, https:\/\/eldiariodesanpedro.com.ar\/sitio\/wp-content\/uploads\/2018\/07\/foto-3-solmi-300x225.jpg 300w, https:\/\/eldiariodesanpedro.com.ar\/sitio\/wp-content\/uploads\/2018\/07\/foto-3-solmi-768x576.jpg 768w\" data-sizes=\"(max-width: 960px) 100vw, 960px\" src=\"data:image\/svg+xml;base64,PHN2ZyB3aWR0aD0iMSIgaGVpZ2h0PSIxIiB4bWxucz0iaHR0cDovL3d3dy53My5vcmcvMjAwMC9zdmciPjwvc3ZnPg==\" style=\"--smush-placeholder-width: 960px; --smush-placeholder-aspect-ratio: 960\/720;\" \/><\/p>\n","protected":false},"excerpt":{"rendered":"<p>Por Quendresa La 4\u00aa fecha del Campeonato Argentino de Rally Federal le permiti\u00f3 a \u201cViti\u201d Solmi tomar revancha de los contratiempos que, en la fecha anterior, lo privaron de la victoria. Este fin de semana, festej\u00f3 desde lo m\u00e1s alto del podio una vez m\u00e1s y se estableci\u00f3 como l\u00edder del campeonato en la clase [&hellip;]<\/p>\n","protected":false},"author":4,"featured_media":36715,"comment_status":"open","ping_status":"closed","sticky":false,"template":"","format":"standard","meta":{"om_disable_all_campaigns":false,"_jetpack_memberships_contains_paid_content":false,"footnotes":""},"categories":[5],"tags":[],"class_list":["post-36717","post","type-post","status-publish","format-standard","has-post-thumbnail","hentry","category-deportes"],"aioseo_notices":[],"gutentor_comment":0,"jetpack_featured_media_url":"https:\/\/eldiariodesanpedro.com.ar\/sitio\/wp-content\/uploads\/2018\/07\/foto-4-solmi.jpg","jetpack_shortlink":"https:\/\/wp.me\/p6RhLt-9yd","jetpack_sharing_enabled":true,"_links":{"self":[{"href":"https:\/\/eldiariodesanpedro.com.ar\/sitio\/wp-json\/wp\/v2\/posts\/36717","targetHints":{"allow":["GET"]}}],"collection":[{"href":"https:\/\/eldiariodesanpedro.com.ar\/sitio\/wp-json\/wp\/v2\/posts"}],"about":[{"href":"https:\/\/eldiariodesanpedro.com.ar\/sitio\/wp-json\/wp\/v2\/types\/post"}],"author":[{"embeddable":true,"href":"https:\/\/eldiariodesanpedro.com.ar\/sitio\/wp-json\/wp\/v2\/users\/4"}],"replies":[{"embeddable":true,"href":"https:\/\/eldiariodesanpedro.com.ar\/sitio\/wp-json\/wp\/v2\/comments?post=36717"}],"version-history":[{"count":1,"href":"https:\/\/eldiariodesanpedro.com.ar\/sitio\/wp-json\/wp\/v2\/posts\/36717\/revisions"}],"predecessor-version":[{"id":36718,"href":"https:\/\/eldiariodesanpedro.com.ar\/sitio\/wp-json\/wp\/v2\/posts\/36717\/revisions\/36718"}],"wp:featuredmedia":[{"embeddable":true,"href":"https:\/\/eldiariodesanpedro.com.ar\/sitio\/wp-json\/wp\/v2\/media\/36715"}],"wp:attachment":[{"href":"https:\/\/eldiariodesanpedro.com.ar\/sitio\/wp-json\/wp\/v2\/media?parent=36717"}],"wp:term":[{"taxonomy":"category","embeddable":true,"href":"https:\/\/eldiariodesanpedro.com.ar\/sitio\/wp-json\/wp\/v2\/categories?post=36717"},{"taxonomy":"post_tag","embeddable":true,"href":"https:\/\/eldiariodesanpedro.com.ar\/sitio\/wp-json\/wp\/v2\/tags?post=36717"}],"curies":[{"name":"wp","href":"https:\/\/api.w.org\/{rel}","templated":true}]}}