{"id":36709,"date":"2018-07-18T20:43:54","date_gmt":"2018-07-18T23:43:54","guid":{"rendered":"https:\/\/eldiariodesanpedro.com.ar\/sitio\/?p=36709"},"modified":"2026-01-23T23:51:32","modified_gmt":"2026-01-24T02:51:32","slug":"baby-futbol-san-pedro-juega-hoy-octavos-de-final-con-los-dos-selectivos","status":"publish","type":"post","link":"https:\/\/eldiariodesanpedro.com.ar\/sitio\/baby-futbol-san-pedro-juega-hoy-octavos-de-final-con-los-dos-selectivos\/","title":{"rendered":"BABY F\u00daTBOL: San Pedro juega hoy octavos de final con los dos selectivos"},"content":{"rendered":"<p><!-- VideographyWP Plugin Message: Automatic video embedding prevented by plugin options. --><br \/>\n  Las dos Selecciones de la Liga Infantil de F\u00fatbol clasificaron en el segundo lugar en sus zonas en el torneo de vacaciones de invierno en San Nicol\u00e1s con 16 Selecciones (7 son del baby de San Nicol\u00e1s) que disputan el \u201cJos\u00e9 Antonio Esteban Hoyos\u201d.<\/p>\n<p><strong>Resultados<\/strong><\/p>\n<p><strong>Fecha 1<\/strong><br \/>\n<em>Zona A<\/em><br \/>\nSan Pedro (Rojo) 1 &#8211; Salto 1<br \/>\nSan Nicol\u00e1s Celeste 1 &#8211; General Rodr\u00edguez 2<\/p>\n<p><em>Zona B <\/em><br \/>\nSan Nicol\u00e1s Azul 1 &#8211; Florencio Varela 0<br \/>\nSan Nicol\u00e1s Verde 1 &#8211; Lan\u00fas A 3<\/p>\n<p><em>Zona C<\/em><br \/>\nSan Nicol\u00e1s Blanca 0 &#8211; Almirante Brown 3<br \/>\nSan Nicol\u00e1s 3 &#8211; San Pedro (Negro) 3<\/p>\n<p><em>Zona D<\/em><br \/>\nSan Nicol\u00e1s Naranja 1 &#8211; Lan\u00fas A 0<br \/>\nSan Nicol\u00e1s Bord\u00f3 6 &#8211; Las Flores 0<\/p>\n<p><strong>Fecha 2<\/strong><br \/>\n<em>Zona A<\/em><br \/>\nSan Pedro (Rojo) 1 &#8211; salto 1<br \/>\nSan Nicol\u00e1s Celeste 1 -General Rodr\u00edguez 2<\/p>\n<p><em>Zona B <\/em><br \/>\nSan Nicol\u00e1s Azul 1 -Florencio Varela 0<br \/>\nSan Nicol\u00e1s Verde 1 &#8211; Lan\u00fas A 3<\/p>\n<p><em>Zona C<\/em><br \/>\nSan Nicol\u00e1s Blanca 0 &#8211; Almirante Brown 3<br \/>\nSan Nicol\u00e1s 3 &#8211; San Pedro (Negro) 3<\/p>\n<p><em>Zona D<\/em><br \/>\nSan Nicol\u00e1s Naranja 1 &#8211; Lan\u00fas A 0<br \/>\nSan Nicol\u00e1s Bord\u00f3 6 &#8211; Las Flores 0<\/p>\n<p><strong>Fecha 3<\/strong><br \/>\n<em>Zona A  <\/em><br \/>\nSan Nicol\u00e1s Celeste 0 &#8211; Salto 3<br \/>\nGeneral Rodr\u00edguez 0 &#8211; San Pedro 0<\/p>\n<p><em>Zona B  <\/em><br \/>\nSan Nicol\u00e1s   Verde 1 &#8211; Florencio Varela 1<br \/>\nSan Nicol\u00e1s  Azul 2 &#8211; Lan\u00fas A 0<\/p>\n<p><em>Zona C  <\/em><br \/>\nSan Nicol\u00e1s Blanca 0 &#8211; San Pedro B 2<br \/>\nSan Nicol\u00e1s 0 &#8211; Almirante Brown 3<\/p>\n<p><em>Zona D en Santa Ana<\/em><br \/>\nSelecci\u00f3n Bordo 6 &#8211; Lan\u00fas B 0<br \/>\nSan Nicol\u00e1s Naranja 0 &#8211; Las Flores 0<\/p>\n<p><strong>Ma\u00f1ana en octavos<\/strong><br \/>\n  El selectivo \u201crojo\u201d se medir\u00e1 este jueves en cancha de Don Bosco, ante el representativo de Salto. La Selecci\u00f3n \u201cnegra\u201d lo har\u00e1 con Almirante Brown en cancha de San Nicol\u00e1s.<\/p>\n<p><img decoding=\"async\" data-attachment-id=\"36711\" data-permalink=\"https:\/\/eldiariodesanpedro.com.ar\/sitio\/baby-futbol-san-pedro-juega-hoy-octavos-de-final-con-los-dos-selectivos\/foto-1-san-pedro-negro\/\" data-orig-file=\"https:\/\/eldiariodesanpedro.com.ar\/sitio\/wp-content\/uploads\/2018\/07\/foto-1-san-pedro-negro.jpg\" data-orig-size=\"1122,591\" data-comments-opened=\"1\" data-image-meta=\"{&quot;aperture&quot;:&quot;0&quot;,&quot;credit&quot;:&quot;Fernando Bettendorff&quot;,&quot;camera&quot;:&quot;&quot;,&quot;caption&quot;:&quot;&quot;,&quot;created_timestamp&quot;:&quot;1531946175&quot;,&quot;copyright&quot;:&quot;&quot;,&quot;focal_length&quot;:&quot;0&quot;,&quot;iso&quot;:&quot;0&quot;,&quot;shutter_speed&quot;:&quot;0&quot;,&quot;title&quot;:&quot;&quot;,&quot;orientation&quot;:&quot;0&quot;}\" data-image-title=\"foto 1 san-pedro-negro\" data-image-description=\"\" data-image-caption=\"\" data-large-file=\"https:\/\/eldiariodesanpedro.com.ar\/sitio\/wp-content\/uploads\/2018\/07\/foto-1-san-pedro-negro-1024x539.jpg\" data-src=\"https:\/\/eldiariodesanpedro.com.ar\/sitio\/wp-content\/uploads\/2018\/07\/foto-1-san-pedro-negro-1024x539.jpg\" alt=\"\" width=\"660\" height=\"347\" class=\"alignnone size-large wp-image-36711 lazyload\" data-srcset=\"https:\/\/eldiariodesanpedro.com.ar\/sitio\/wp-content\/uploads\/2018\/07\/foto-1-san-pedro-negro-1024x539.jpg 1024w, https:\/\/eldiariodesanpedro.com.ar\/sitio\/wp-content\/uploads\/2018\/07\/foto-1-san-pedro-negro-300x158.jpg 300w, https:\/\/eldiariodesanpedro.com.ar\/sitio\/wp-content\/uploads\/2018\/07\/foto-1-san-pedro-negro-768x405.jpg 768w, https:\/\/eldiariodesanpedro.com.ar\/sitio\/wp-content\/uploads\/2018\/07\/foto-1-san-pedro-negro-390x205.jpg 390w, https:\/\/eldiariodesanpedro.com.ar\/sitio\/wp-content\/uploads\/2018\/07\/foto-1-san-pedro-negro.jpg 1122w\" data-sizes=\"(max-width: 660px) 100vw, 660px\" src=\"data:image\/svg+xml;base64,PHN2ZyB3aWR0aD0iMSIgaGVpZ2h0PSIxIiB4bWxucz0iaHR0cDovL3d3dy53My5vcmcvMjAwMC9zdmciPjwvc3ZnPg==\" style=\"--smush-placeholder-width: 660px; --smush-placeholder-aspect-ratio: 660\/347;\" \/><\/p>\n","protected":false},"excerpt":{"rendered":"<p>Las dos Selecciones de la Liga Infantil de F\u00fatbol clasificaron en el segundo lugar en sus zonas en el torneo de vacaciones de invierno en San Nicol\u00e1s con 16 Selecciones (7 son del baby de San Nicol\u00e1s) que disputan el \u201cJos\u00e9 Antonio Esteban Hoyos\u201d. Resultados Fecha 1 Zona A San Pedro (Rojo) 1 &#8211; Salto [&hellip;]<\/p>\n","protected":false},"author":4,"featured_media":36710,"comment_status":"open","ping_status":"closed","sticky":false,"template":"","format":"standard","meta":{"om_disable_all_campaigns":false,"_jetpack_memberships_contains_paid_content":false,"footnotes":""},"categories":[5],"tags":[],"class_list":["post-36709","post","type-post","status-publish","format-standard","has-post-thumbnail","hentry","category-deportes"],"aioseo_notices":[],"gutentor_comment":0,"jetpack_featured_media_url":"https:\/\/eldiariodesanpedro.com.ar\/sitio\/wp-content\/uploads\/2018\/07\/foto-2-san-pedro-rojo.jpg","jetpack_shortlink":"https:\/\/wp.me\/p6RhLt-9y5","jetpack_sharing_enabled":true,"_links":{"self":[{"href":"https:\/\/eldiariodesanpedro.com.ar\/sitio\/wp-json\/wp\/v2\/posts\/36709","targetHints":{"allow":["GET"]}}],"collection":[{"href":"https:\/\/eldiariodesanpedro.com.ar\/sitio\/wp-json\/wp\/v2\/posts"}],"about":[{"href":"https:\/\/eldiariodesanpedro.com.ar\/sitio\/wp-json\/wp\/v2\/types\/post"}],"author":[{"embeddable":true,"href":"https:\/\/eldiariodesanpedro.com.ar\/sitio\/wp-json\/wp\/v2\/users\/4"}],"replies":[{"embeddable":true,"href":"https:\/\/eldiariodesanpedro.com.ar\/sitio\/wp-json\/wp\/v2\/comments?post=36709"}],"version-history":[{"count":1,"href":"https:\/\/eldiariodesanpedro.com.ar\/sitio\/wp-json\/wp\/v2\/posts\/36709\/revisions"}],"predecessor-version":[{"id":36712,"href":"https:\/\/eldiariodesanpedro.com.ar\/sitio\/wp-json\/wp\/v2\/posts\/36709\/revisions\/36712"}],"wp:featuredmedia":[{"embeddable":true,"href":"https:\/\/eldiariodesanpedro.com.ar\/sitio\/wp-json\/wp\/v2\/media\/36710"}],"wp:attachment":[{"href":"https:\/\/eldiariodesanpedro.com.ar\/sitio\/wp-json\/wp\/v2\/media?parent=36709"}],"wp:term":[{"taxonomy":"category","embeddable":true,"href":"https:\/\/eldiariodesanpedro.com.ar\/sitio\/wp-json\/wp\/v2\/categories?post=36709"},{"taxonomy":"post_tag","embeddable":true,"href":"https:\/\/eldiariodesanpedro.com.ar\/sitio\/wp-json\/wp\/v2\/tags?post=36709"}],"curies":[{"name":"wp","href":"https:\/\/api.w.org\/{rel}","templated":true}]}}