{"id":36703,"date":"2018-07-18T20:34:03","date_gmt":"2018-07-18T23:34:03","guid":{"rendered":"https:\/\/eldiariodesanpedro.com.ar\/sitio\/?p=36703"},"modified":"2018-07-18T20:34:03","modified_gmt":"2018-07-18T23:34:03","slug":"la-uatre-a-favor-de-la-eliminacion-del-trabajo-infantil-en-la-agricultura","status":"publish","type":"post","link":"https:\/\/eldiariodesanpedro.com.ar\/sitio\/la-uatre-a-favor-de-la-eliminacion-del-trabajo-infantil-en-la-agricultura\/","title":{"rendered":"La UATRE a favor de la eliminaci\u00f3n del trabajo infantil en la agricultura"},"content":{"rendered":"<p><!-- VideographyWP Plugin Message: Automatic video embedding prevented by plugin options. --><br \/>\nLa UATRE comprometida en alianzas nacionales e internacionales a favor de la eliminaci\u00f3n del Trabajo Infantil en la agricultura.<\/p>\n<p>  UATRE se comprometi\u00f3 a trabajar estrechamente con la Organizaci\u00f3n Internacional del Trabajo (OIT) con el fin de lograr mayor comprensi\u00f3n de los desaf\u00edos y oportunidades para abordar el trabajo infantil en la agricultura, y mayor capacidad de los actores del mundo del trabajo y del sector agr\u00edcola para abordar el trabajo infantil en la agricultura.<br \/>\n  Durante la formulaci\u00f3n de la propuesta, funcionarios t\u00e9cnicos de UATRE han participado activamente en instancias de planificaci\u00f3n y consulta, con el fin de identificar las actividades y estrategias con un mayor potencial a la hora de fortalecer, mejorar y consolidar los esfuerzos nacionales en materia de prevenci\u00f3n y erradicaci\u00f3n del trabajo infantil en la agricultura.<br \/>\n  Dando cuenta de la larga y exitosa trayectoria de trabajo conjunto entre UATRE y OIT en el \u00e1mbito de Trabajo Infantil, estamos convencidos de que el desarrollo de este proyecto, bajo la direcci\u00f3n t\u00e9cnica de OIT, constituir\u00e1 un valioso apoyo para complementar y consolidar los esfuerzos nacionales, e impactar\u00e1 positivamente en la mejora de las condiciones de vida de nuestra poblaci\u00f3n, en particular la ni\u00f1ez argentina en las \u00e1reas rurales, con un enfoque sostenible.<\/p>\n<p>Fuente: San Pedro Informa<\/p>\n","protected":false},"excerpt":{"rendered":"<p>La UATRE comprometida en alianzas nacionales e internacionales a favor de la eliminaci\u00f3n del Trabajo Infantil en la agricultura. UATRE se comprometi\u00f3 a trabajar estrechamente con la Organizaci\u00f3n Internacional del Trabajo (OIT) con el fin de lograr mayor comprensi\u00f3n de los desaf\u00edos y oportunidades para abordar el trabajo infantil en la agricultura, y mayor capacidad [&hellip;]<\/p>\n","protected":false},"author":4,"featured_media":36704,"comment_status":"open","ping_status":"closed","sticky":false,"template":"","format":"standard","meta":{"om_disable_all_campaigns":false,"_jetpack_memberships_contains_paid_content":false,"footnotes":""},"categories":[101,2],"tags":[],"class_list":["post-36703","post","type-post","status-publish","format-standard","has-post-thumbnail","hentry","category-interes-general-locales","category-locales"],"aioseo_notices":[],"gutentor_comment":0,"jetpack_featured_media_url":"https:\/\/eldiariodesanpedro.com.ar\/sitio\/wp-content\/uploads\/2018\/07\/La-UATRE-a-favor-de-la-eliminaci\u00f3n-del-trabajo-infantil-en-la-agricultura.jpg","jetpack_shortlink":"https:\/\/wp.me\/p6RhLt-9xZ","jetpack_sharing_enabled":true,"_links":{"self":[{"href":"https:\/\/eldiariodesanpedro.com.ar\/sitio\/wp-json\/wp\/v2\/posts\/36703","targetHints":{"allow":["GET"]}}],"collection":[{"href":"https:\/\/eldiariodesanpedro.com.ar\/sitio\/wp-json\/wp\/v2\/posts"}],"about":[{"href":"https:\/\/eldiariodesanpedro.com.ar\/sitio\/wp-json\/wp\/v2\/types\/post"}],"author":[{"embeddable":true,"href":"https:\/\/eldiariodesanpedro.com.ar\/sitio\/wp-json\/wp\/v2\/users\/4"}],"replies":[{"embeddable":true,"href":"https:\/\/eldiariodesanpedro.com.ar\/sitio\/wp-json\/wp\/v2\/comments?post=36703"}],"version-history":[{"count":1,"href":"https:\/\/eldiariodesanpedro.com.ar\/sitio\/wp-json\/wp\/v2\/posts\/36703\/revisions"}],"predecessor-version":[{"id":36705,"href":"https:\/\/eldiariodesanpedro.com.ar\/sitio\/wp-json\/wp\/v2\/posts\/36703\/revisions\/36705"}],"wp:featuredmedia":[{"embeddable":true,"href":"https:\/\/eldiariodesanpedro.com.ar\/sitio\/wp-json\/wp\/v2\/media\/36704"}],"wp:attachment":[{"href":"https:\/\/eldiariodesanpedro.com.ar\/sitio\/wp-json\/wp\/v2\/media?parent=36703"}],"wp:term":[{"taxonomy":"category","embeddable":true,"href":"https:\/\/eldiariodesanpedro.com.ar\/sitio\/wp-json\/wp\/v2\/categories?post=36703"},{"taxonomy":"post_tag","embeddable":true,"href":"https:\/\/eldiariodesanpedro.com.ar\/sitio\/wp-json\/wp\/v2\/tags?post=36703"}],"curies":[{"name":"wp","href":"https:\/\/api.w.org\/{rel}","templated":true}]}}