{"id":36698,"date":"2018-07-18T18:22:53","date_gmt":"2018-07-18T21:22:53","guid":{"rendered":"https:\/\/eldiariodesanpedro.com.ar\/sitio\/?p=36698"},"modified":"2018-07-18T18:22:53","modified_gmt":"2018-07-18T21:22:53","slug":"san-nicolas-volvio-el-trueque-a-san-nicolas","status":"publish","type":"post","link":"https:\/\/eldiariodesanpedro.com.ar\/sitio\/san-nicolas-volvio-el-trueque-a-san-nicolas\/","title":{"rendered":"SAN NICOL\u00c1S: Volvi\u00f3 el trueque a San Nicol\u00e1s"},"content":{"rendered":"<p><!-- VideographyWP Plugin Message: Automatic video embedding prevented by plugin options. --><br \/>\nAyer, en barrio Oeste, se llev\u00f3 a cabo una feria donde los vecinos trocaron indumentaria y alimentos como mecanismo para acceder a bienes y productos. Ya tuvieron lugar iniciativas similares en barrio Las Mellizas y San Jorge. \u201cLos propios vecinos son los que nos convocan a organizar este tipo de encuentros. Y cada vez hay m\u00e1s demanda\u201d, cuenta Gloria Damuchi.<\/p>\n<p>El truque es una expresi\u00f3n muy clara de c\u00f3mo la crisis econ\u00f3mica impacta en el acceso a bienes y productos en los hogares de recursos medios y bajos. El antecedente m\u00e1s inmediato nos remonta a 2001, cuando la crisis econ\u00f3mica y social que atravesada la Argentina termin\u00f3 extendi\u00e9ndose a la pol\u00edtica.Aquel escenario hoy empieza a configurarse nuevamente en distritos bonaerenses entre los que se encuentra San Nicol\u00e1s. De hecho, ayer tuvo lugar un nuevo encuentro de vecinos que levaron diferentes pertenencias para intercambiarlas por otras. Fue en la Parroquia ubicada en Viamonte y C\u00f3rdoba, en barrio Oeste, donde la gente trocaba indumentaria por alimentos.\u201cLos vecinos de distintos barrios de San Nicol\u00e1s se comunican conmigo para que organicemos los encuentros\u201d, cuenta Gloria Damuchi, una persona oriunda de Villa Constituci\u00f3n que desde 2007 promueve este tipos de movidas en la vecina localidad santafesina.\u201cMuchos nicole\u00f1os iban a las ferias de trueque que organizamos en Villa Constituci\u00f3n. Fue as\u00ed que empezaron a proponerme que organice encuentros en San Nicol\u00e1s para que se sumen aquellos que no pueden viajar\u201d, explic\u00f3 Damuchi, en di\u00e1logo con el programa \u00abPrimeros Temas\u00bb (Radio U). Los primeros encuentros se llevaron a cabo a fines de junio, en los barrios Las Mellizas y San Jorge.\u201cHoy decimos que el truque est\u00e1 volviendo, pero lo cierto es que nunca se fue\u201d, afirma Damuchi, quien desde hace 11 a\u00f1os organiza ferias de trueque. \u201cEs incre\u00edble como en un pa\u00eds con tanta riqueza haya una porci\u00f3n muy grande de personas con dificultades para satisfacer las necesidades b\u00e1sicas. Lo que vemos en los encuentros es a personas sin trabajo, y amas de casa que confeccionan un producto a mano para poder intercambiarlo por algo que necesitan\u201d, asegura Gloria Damuchi, quien tambi\u00e9n revela que \u201cse desprenden de objetos personales para cambiarlos por alimentos. Hay otros que llevan una prenda de vestir para intercambiarla por calzado, que es uno de los bienes m\u00e1s caros si se lo compra en un comercio\u201d.<\/p>\n<p>Fuente: Diario El Norte<\/p>\n","protected":false},"excerpt":{"rendered":"<p>Ayer, en barrio Oeste, se llev\u00f3 a cabo una feria donde los vecinos trocaron indumentaria y alimentos como mecanismo para acceder a bienes y productos. Ya tuvieron lugar iniciativas similares en barrio Las Mellizas y San Jorge. \u201cLos propios vecinos son los que nos convocan a organizar este tipo de encuentros. Y cada vez hay [&hellip;]<\/p>\n","protected":false},"author":4,"featured_media":36699,"comment_status":"open","ping_status":"closed","sticky":false,"template":"","format":"standard","meta":{"om_disable_all_campaigns":false,"_jetpack_memberships_contains_paid_content":false,"footnotes":""},"categories":[621],"tags":[],"class_list":["post-36698","post","type-post","status-publish","format-standard","has-post-thumbnail","hentry","category-regionales"],"aioseo_notices":[],"gutentor_comment":0,"jetpack_featured_media_url":"https:\/\/eldiariodesanpedro.com.ar\/sitio\/wp-content\/uploads\/2018\/07\/PAGINA-4.jpg","jetpack_shortlink":"https:\/\/wp.me\/p6RhLt-9xU","jetpack_sharing_enabled":true,"_links":{"self":[{"href":"https:\/\/eldiariodesanpedro.com.ar\/sitio\/wp-json\/wp\/v2\/posts\/36698","targetHints":{"allow":["GET"]}}],"collection":[{"href":"https:\/\/eldiariodesanpedro.com.ar\/sitio\/wp-json\/wp\/v2\/posts"}],"about":[{"href":"https:\/\/eldiariodesanpedro.com.ar\/sitio\/wp-json\/wp\/v2\/types\/post"}],"author":[{"embeddable":true,"href":"https:\/\/eldiariodesanpedro.com.ar\/sitio\/wp-json\/wp\/v2\/users\/4"}],"replies":[{"embeddable":true,"href":"https:\/\/eldiariodesanpedro.com.ar\/sitio\/wp-json\/wp\/v2\/comments?post=36698"}],"version-history":[{"count":2,"href":"https:\/\/eldiariodesanpedro.com.ar\/sitio\/wp-json\/wp\/v2\/posts\/36698\/revisions"}],"predecessor-version":[{"id":36701,"href":"https:\/\/eldiariodesanpedro.com.ar\/sitio\/wp-json\/wp\/v2\/posts\/36698\/revisions\/36701"}],"wp:featuredmedia":[{"embeddable":true,"href":"https:\/\/eldiariodesanpedro.com.ar\/sitio\/wp-json\/wp\/v2\/media\/36699"}],"wp:attachment":[{"href":"https:\/\/eldiariodesanpedro.com.ar\/sitio\/wp-json\/wp\/v2\/media?parent=36698"}],"wp:term":[{"taxonomy":"category","embeddable":true,"href":"https:\/\/eldiariodesanpedro.com.ar\/sitio\/wp-json\/wp\/v2\/categories?post=36698"},{"taxonomy":"post_tag","embeddable":true,"href":"https:\/\/eldiariodesanpedro.com.ar\/sitio\/wp-json\/wp\/v2\/tags?post=36698"}],"curies":[{"name":"wp","href":"https:\/\/api.w.org\/{rel}","templated":true}]}}