{"id":36674,"date":"2018-07-18T11:44:37","date_gmt":"2018-07-18T14:44:37","guid":{"rendered":"https:\/\/eldiariodesanpedro.com.ar\/sitio\/?p=36674"},"modified":"2018-07-18T11:45:22","modified_gmt":"2018-07-18T14:45:22","slug":"branto-ayala-se-presenta-a-declarar-en-la-fiscalia-del-dr-manso","status":"publish","type":"post","link":"https:\/\/eldiariodesanpedro.com.ar\/sitio\/branto-ayala-se-presenta-a-declarar-en-la-fiscalia-del-dr-manso\/","title":{"rendered":"Branto Ayala se presenta a declarar en la Fiscal\u00eda del Dr. Manso"},"content":{"rendered":"<p><!-- VideographyWP Plugin Message: Automatic video embedding prevented by plugin options. --><br \/>\nEste mi\u00e9rcoles fue trasladado para prestar declaraci\u00f3n desde el penal de Sierra Chica por el servicio Penitenciario Bonaerense por pedido propio de declarar en la fiscal\u00eda a cargo del Dr. Manso.<\/p>\n<p>Con una importante custodia, con las calles cortadas en la zona de la fiscal\u00eda y su abogado defensor oficial Alejandro Ares, el detenido Roberto \u00abEl Zurdo\u00bb Branto Ayala se encuentra en la Fiscal\u00eda N\u00ba5 prestando declaraci\u00f3n sobre el hecho ocurri\u00f3 el pasado 25 de Enero en la esquina de Rivadavia y Olivera cesar donde el y un c\u00f3mplice Pablo Morel asaltaron un cami\u00f3n de reparto de la localidad de Baradero, cuando fueron sorprendido por dos efectivos de la polic\u00eda local, tras un intercambio de disparos cae abatido Nelson Lillo.<\/p>\n<p>Adem\u00e1s tambi\u00e9n queda herido de gravedad uno de los delincuentes Morel, quien minutos despu\u00e9s falleci\u00f3 en el traslado a la guardia del nosocomio local. Por su parte Branto Ayala herido de dos disparos se da a la fuga del lugar siendo encontrado tres d\u00edas despu\u00e9s en la tarde del s\u00e1bado 27 de enero en un camino rural. <\/p>\n<p>Esta ser\u00eda la segunda vez que quien est\u00e1 acusado del asesinato del oficial Lillo se presenta a declarar, en esta oportunidad por pedido propio para ampliar la declaraci\u00f3n realizada al momento de su detenci\u00f3n donde relataba que el no se encontraba en el lugar del hecho y que era inocente.<\/p>\n<p><iframe data-src=\"https:\/\/www.facebook.com\/plugins\/video.php?href=https%3A%2F%2Fwww.facebook.com%2Feldiario.desanpedro%2Fvideos%2F813743968834744%2F&#038;show_text=0&#038;width=560\" width=\"560\" height=\"315\" style=\"border:none;overflow:hidden\" scrolling=\"no\" frameborder=\"0\" allowTransparency=\"true\" allowFullScreen=\"true\" src=\"data:image\/svg+xml;base64,PHN2ZyB3aWR0aD0iMSIgaGVpZ2h0PSIxIiB4bWxucz0iaHR0cDovL3d3dy53My5vcmcvMjAwMC9zdmciPjwvc3ZnPg==\" class=\"lazyload\" data-load-mode=\"1\"><\/iframe><\/p>\n<p><iframe data-src=\"https:\/\/www.facebook.com\/plugins\/video.php?href=https%3A%2F%2Fwww.facebook.com%2Feldiario.desanpedro%2Fvideos%2F813755638833577%2F&#038;show_text=0&#038;width=560\" width=\"560\" height=\"315\" style=\"border:none;overflow:hidden\" scrolling=\"no\" frameborder=\"0\" allowTransparency=\"true\" allowFullScreen=\"true\" src=\"data:image\/svg+xml;base64,PHN2ZyB3aWR0aD0iMSIgaGVpZ2h0PSIxIiB4bWxucz0iaHR0cDovL3d3dy53My5vcmcvMjAwMC9zdmciPjwvc3ZnPg==\" class=\"lazyload\" data-load-mode=\"1\"><\/iframe><\/p>\n<p><iframe data-src=\"https:\/\/www.facebook.com\/plugins\/video.php?href=https%3A%2F%2Fwww.facebook.com%2Feldiario.desanpedro%2Fvideos%2F813792575496550%2F&#038;show_text=0&#038;width=560\" width=\"560\" height=\"315\" style=\"border:none;overflow:hidden\" scrolling=\"no\" frameborder=\"0\" allowTransparency=\"true\" allowFullScreen=\"true\" src=\"data:image\/svg+xml;base64,PHN2ZyB3aWR0aD0iMSIgaGVpZ2h0PSIxIiB4bWxucz0iaHR0cDovL3d3dy53My5vcmcvMjAwMC9zdmciPjwvc3ZnPg==\" class=\"lazyload\" data-load-mode=\"1\"><\/iframe><\/p>\n","protected":false},"excerpt":{"rendered":"<p>Este mi\u00e9rcoles fue trasladado para prestar declaraci\u00f3n desde el penal de Sierra Chica por el servicio Penitenciario Bonaerense por pedido propio de declarar en la fiscal\u00eda a cargo del Dr. Manso. Con una importante custodia, con las calles cortadas en la zona de la fiscal\u00eda y su abogado defensor oficial Alejandro Ares, el detenido Roberto [&hellip;]<\/p>\n","protected":false},"author":4,"featured_media":36683,"comment_status":"open","ping_status":"closed","sticky":false,"template":"","format":"standard","meta":{"om_disable_all_campaigns":false,"_jetpack_memberships_contains_paid_content":false,"footnotes":""},"categories":[50,101,2],"tags":[],"class_list":["post-36674","post","type-post","status-publish","format-standard","has-post-thumbnail","hentry","category-destacadas","category-interes-general-locales","category-locales"],"aioseo_notices":[],"gutentor_comment":0,"jetpack_featured_media_url":"https:\/\/eldiariodesanpedro.com.ar\/sitio\/wp-content\/uploads\/2018\/07\/37365023_813728558836285_4100442179850207232_n.jpg","jetpack_shortlink":"https:\/\/wp.me\/p6RhLt-9xw","jetpack_sharing_enabled":true,"_links":{"self":[{"href":"https:\/\/eldiariodesanpedro.com.ar\/sitio\/wp-json\/wp\/v2\/posts\/36674","targetHints":{"allow":["GET"]}}],"collection":[{"href":"https:\/\/eldiariodesanpedro.com.ar\/sitio\/wp-json\/wp\/v2\/posts"}],"about":[{"href":"https:\/\/eldiariodesanpedro.com.ar\/sitio\/wp-json\/wp\/v2\/types\/post"}],"author":[{"embeddable":true,"href":"https:\/\/eldiariodesanpedro.com.ar\/sitio\/wp-json\/wp\/v2\/users\/4"}],"replies":[{"embeddable":true,"href":"https:\/\/eldiariodesanpedro.com.ar\/sitio\/wp-json\/wp\/v2\/comments?post=36674"}],"version-history":[{"count":2,"href":"https:\/\/eldiariodesanpedro.com.ar\/sitio\/wp-json\/wp\/v2\/posts\/36674\/revisions"}],"predecessor-version":[{"id":36684,"href":"https:\/\/eldiariodesanpedro.com.ar\/sitio\/wp-json\/wp\/v2\/posts\/36674\/revisions\/36684"}],"wp:featuredmedia":[{"embeddable":true,"href":"https:\/\/eldiariodesanpedro.com.ar\/sitio\/wp-json\/wp\/v2\/media\/36683"}],"wp:attachment":[{"href":"https:\/\/eldiariodesanpedro.com.ar\/sitio\/wp-json\/wp\/v2\/media?parent=36674"}],"wp:term":[{"taxonomy":"category","embeddable":true,"href":"https:\/\/eldiariodesanpedro.com.ar\/sitio\/wp-json\/wp\/v2\/categories?post=36674"},{"taxonomy":"post_tag","embeddable":true,"href":"https:\/\/eldiariodesanpedro.com.ar\/sitio\/wp-json\/wp\/v2\/tags?post=36674"}],"curies":[{"name":"wp","href":"https:\/\/api.w.org\/{rel}","templated":true}]}}