{"id":36671,"date":"2018-07-18T10:47:48","date_gmt":"2018-07-18T13:47:48","guid":{"rendered":"https:\/\/eldiariodesanpedro.com.ar\/sitio\/?p=36671"},"modified":"2018-07-18T10:47:48","modified_gmt":"2018-07-18T13:47:48","slug":"zarate-accidente-en-ruta-no-9-choco-contra-el-guardrail-y-derrapo-mas-de-cincuenta-metros","status":"publish","type":"post","link":"https:\/\/eldiariodesanpedro.com.ar\/sitio\/zarate-accidente-en-ruta-no-9-choco-contra-el-guardrail-y-derrapo-mas-de-cincuenta-metros\/","title":{"rendered":"ZARATE: Accidente en Ruta N\u00ba 9: choc\u00f3 contra el guardrail y derrap\u00f3 m\u00e1s de cincuenta metros"},"content":{"rendered":"<p><!-- VideographyWP Plugin Message: Automatic video embedding prevented by plugin options. --><br \/>\nEl conductor de un Ford Ecosport color azul se accident\u00f3 esta tarde en Ruta N\u00ba 9, a pocos metros de barrio Los Ceibos de Z\u00e1rate.<\/p>\n<p>Lo que al parecer fue una distracci\u00f3n de manejo provoc\u00f3 que el veh\u00edculo colisionara contra el guardrail y quedar\u00e1 detenido casi cien metros m\u00e1s adelante.<\/p>\n<p>Uno de los ejes del rodado qued\u00f3 destruido por completo y debi\u00f3 ser remocaldo por una gr\u00faa.<\/p>\n<p>Acudi\u00f3 CincoVial, Comando Patrulla, Polic\u00eda Vial y Bomberos Voluntarios de Z\u00e1rate.<\/p>\n<p>Fuente: Enlace Critico<\/p>\n","protected":false},"excerpt":{"rendered":"<p>El conductor de un Ford Ecosport color azul se accident\u00f3 esta tarde en Ruta N\u00ba 9, a pocos metros de barrio Los Ceibos de Z\u00e1rate. Lo que al parecer fue una distracci\u00f3n de manejo provoc\u00f3 que el veh\u00edculo colisionara contra el guardrail y quedar\u00e1 detenido casi cien metros m\u00e1s adelante. Uno de los ejes del [&hellip;]<\/p>\n","protected":false},"author":4,"featured_media":36672,"comment_status":"open","ping_status":"closed","sticky":false,"template":"","format":"standard","meta":{"om_disable_all_campaigns":false,"_jetpack_memberships_contains_paid_content":false,"footnotes":""},"categories":[621],"tags":[],"class_list":["post-36671","post","type-post","status-publish","format-standard","has-post-thumbnail","hentry","category-regionales"],"aioseo_notices":[],"gutentor_comment":0,"jetpack_featured_media_url":"https:\/\/eldiariodesanpedro.com.ar\/sitio\/wp-content\/uploads\/2018\/07\/Accidente-Ruta-9.jpg","jetpack_shortlink":"https:\/\/wp.me\/p6RhLt-9xt","jetpack_sharing_enabled":true,"_links":{"self":[{"href":"https:\/\/eldiariodesanpedro.com.ar\/sitio\/wp-json\/wp\/v2\/posts\/36671","targetHints":{"allow":["GET"]}}],"collection":[{"href":"https:\/\/eldiariodesanpedro.com.ar\/sitio\/wp-json\/wp\/v2\/posts"}],"about":[{"href":"https:\/\/eldiariodesanpedro.com.ar\/sitio\/wp-json\/wp\/v2\/types\/post"}],"author":[{"embeddable":true,"href":"https:\/\/eldiariodesanpedro.com.ar\/sitio\/wp-json\/wp\/v2\/users\/4"}],"replies":[{"embeddable":true,"href":"https:\/\/eldiariodesanpedro.com.ar\/sitio\/wp-json\/wp\/v2\/comments?post=36671"}],"version-history":[{"count":1,"href":"https:\/\/eldiariodesanpedro.com.ar\/sitio\/wp-json\/wp\/v2\/posts\/36671\/revisions"}],"predecessor-version":[{"id":36673,"href":"https:\/\/eldiariodesanpedro.com.ar\/sitio\/wp-json\/wp\/v2\/posts\/36671\/revisions\/36673"}],"wp:featuredmedia":[{"embeddable":true,"href":"https:\/\/eldiariodesanpedro.com.ar\/sitio\/wp-json\/wp\/v2\/media\/36672"}],"wp:attachment":[{"href":"https:\/\/eldiariodesanpedro.com.ar\/sitio\/wp-json\/wp\/v2\/media?parent=36671"}],"wp:term":[{"taxonomy":"category","embeddable":true,"href":"https:\/\/eldiariodesanpedro.com.ar\/sitio\/wp-json\/wp\/v2\/categories?post=36671"},{"taxonomy":"post_tag","embeddable":true,"href":"https:\/\/eldiariodesanpedro.com.ar\/sitio\/wp-json\/wp\/v2\/tags?post=36671"}],"curies":[{"name":"wp","href":"https:\/\/api.w.org\/{rel}","templated":true}]}}