{"id":36668,"date":"2018-07-18T10:43:01","date_gmt":"2018-07-18T13:43:01","guid":{"rendered":"https:\/\/eldiariodesanpedro.com.ar\/sitio\/?p=36668"},"modified":"2018-07-18T10:43:01","modified_gmt":"2018-07-18T13:43:01","slug":"zarate-trato-de-sacar-un-credito-con-un-dni-apocrifo-en-garbarino-y-termino-detenido","status":"publish","type":"post","link":"https:\/\/eldiariodesanpedro.com.ar\/sitio\/zarate-trato-de-sacar-un-credito-con-un-dni-apocrifo-en-garbarino-y-termino-detenido\/","title":{"rendered":"Z\u00c1RATE: Trat\u00f3 de sacar un cr\u00e9dito con un DNI ap\u00f3crifo en Garbarino y termin\u00f3 detenido"},"content":{"rendered":"<p><!-- VideographyWP Plugin Message: Automatic video embedding prevented by plugin options. --><br \/>\nEn la tarde de este martes, personal del Comando Patrulla que realizaba recorridos preventivos recibi\u00f3 un alerta, sobre la presencia de un sujeto que con un documento falso, intentaba sacar un cr\u00e9dito en la Sucursal de Garbarino de Z\u00e1rate.<\/p>\n<p>Apersonados en el local de R\u00f3mulo Noya e Independencia, el encargado del comercio indic\u00f3 la presencia de un individuo que intentaba realizar una compra a cr\u00e9dito por un valor de 90.000 pesos presentando un documento ap\u00f3crifo.<\/p>\n<p>Constatada la falsedad del DNI, el sujeto fue aprehendido y traslado a la Comisar\u00eda 1era. quedando a disposici\u00f3n de la UFI N\u00ba7<\/p>\n<p>Fuente: Enlace Critico<\/p>\n","protected":false},"excerpt":{"rendered":"<p>En la tarde de este martes, personal del Comando Patrulla que realizaba recorridos preventivos recibi\u00f3 un alerta, sobre la presencia de un sujeto que con un documento falso, intentaba sacar un cr\u00e9dito en la Sucursal de Garbarino de Z\u00e1rate. Apersonados en el local de R\u00f3mulo Noya e Independencia, el encargado del comercio indic\u00f3 la presencia [&hellip;]<\/p>\n","protected":false},"author":4,"featured_media":36669,"comment_status":"open","ping_status":"closed","sticky":false,"template":"","format":"standard","meta":{"om_disable_all_campaigns":false,"_jetpack_memberships_contains_paid_content":false,"footnotes":""},"categories":[621],"tags":[],"class_list":["post-36668","post","type-post","status-publish","format-standard","has-post-thumbnail","hentry","category-regionales"],"aioseo_notices":[],"gutentor_comment":0,"jetpack_featured_media_url":"https:\/\/eldiariodesanpedro.com.ar\/sitio\/wp-content\/uploads\/2018\/07\/FOTO-2_658x400.jpg","jetpack_shortlink":"https:\/\/wp.me\/p6RhLt-9xq","jetpack_sharing_enabled":true,"_links":{"self":[{"href":"https:\/\/eldiariodesanpedro.com.ar\/sitio\/wp-json\/wp\/v2\/posts\/36668","targetHints":{"allow":["GET"]}}],"collection":[{"href":"https:\/\/eldiariodesanpedro.com.ar\/sitio\/wp-json\/wp\/v2\/posts"}],"about":[{"href":"https:\/\/eldiariodesanpedro.com.ar\/sitio\/wp-json\/wp\/v2\/types\/post"}],"author":[{"embeddable":true,"href":"https:\/\/eldiariodesanpedro.com.ar\/sitio\/wp-json\/wp\/v2\/users\/4"}],"replies":[{"embeddable":true,"href":"https:\/\/eldiariodesanpedro.com.ar\/sitio\/wp-json\/wp\/v2\/comments?post=36668"}],"version-history":[{"count":1,"href":"https:\/\/eldiariodesanpedro.com.ar\/sitio\/wp-json\/wp\/v2\/posts\/36668\/revisions"}],"predecessor-version":[{"id":36670,"href":"https:\/\/eldiariodesanpedro.com.ar\/sitio\/wp-json\/wp\/v2\/posts\/36668\/revisions\/36670"}],"wp:featuredmedia":[{"embeddable":true,"href":"https:\/\/eldiariodesanpedro.com.ar\/sitio\/wp-json\/wp\/v2\/media\/36669"}],"wp:attachment":[{"href":"https:\/\/eldiariodesanpedro.com.ar\/sitio\/wp-json\/wp\/v2\/media?parent=36668"}],"wp:term":[{"taxonomy":"category","embeddable":true,"href":"https:\/\/eldiariodesanpedro.com.ar\/sitio\/wp-json\/wp\/v2\/categories?post=36668"},{"taxonomy":"post_tag","embeddable":true,"href":"https:\/\/eldiariodesanpedro.com.ar\/sitio\/wp-json\/wp\/v2\/tags?post=36668"}],"curies":[{"name":"wp","href":"https:\/\/api.w.org\/{rel}","templated":true}]}}