{"id":36662,"date":"2018-07-18T10:32:18","date_gmt":"2018-07-18T13:32:18","guid":{"rendered":"https:\/\/eldiariodesanpedro.com.ar\/sitio\/?p=36662"},"modified":"2018-07-18T10:32:18","modified_gmt":"2018-07-18T13:32:18","slug":"ramallo-una-joven-policia-ramallense-fue-hallada-sin-vida","status":"publish","type":"post","link":"https:\/\/eldiariodesanpedro.com.ar\/sitio\/ramallo-una-joven-policia-ramallense-fue-hallada-sin-vida\/","title":{"rendered":"RAMALLO: Una joven polic\u00eda ramallense fue hallada sin vida"},"content":{"rendered":"<p><!-- VideographyWP Plugin Message: Automatic video embedding prevented by plugin options. --><br \/>\nEn las \u00faltimas horas de la tarde de el martes, se conoci\u00f3 la triste noticia. Una joven de aproximadamente 28 a\u00f1os fue hallada sin signos vitales.<\/p>\n<p>Se trata de Johana Soledad Rojas, conocida por sus allegados como \u201cMara\u201d, una joven que se desempe\u00f1aba como polic\u00eda local de nuestro partido.<\/p>\n<p>Seg\u00fan supo esta redacci\u00f3n la joven fue encontrada en su propio domicilio, sito en Gianocchio 1165 de Villa Ramallo. Al ingresar al lugar la polic\u00eda la hall\u00f3, en una habitaci\u00f3n del domicilio,  sobre la cama con un disparo.<\/p>\n<p>En un principio se habl\u00f3 de un presunto suicidio, aunque al avanzar las horas, algunos familiares y amigos expresaron dudas sobre su muerto, lo que gener\u00f3 incertidumbre al momento de indicar las causales de muerte.<\/p>\n<p>Durante la madruga de este mi\u00e9rcoles,  se tomaron diferentes declaraciones al menos a cinco personas de su c\u00edrculo \u00edntimo.<\/p>\n<p>Mientras avanzaba la investigaciones por el hallazgo sin vida de Johana Soledad Rojas, se descartar\u00eda la hip\u00f3tesis de suicidio y la caratula se inclina m\u00e1s hacia el posible homicidio.<\/p>\n<p>Seg\u00fan informaci\u00f3n extraoficial, la joven polic\u00eda de 28 a\u00f1os fue encontrada con un disparo en el lateral izquierdo de su cabeza. El arma en una mesa de luz y su cuerpo en el piso, por esta escena se presupone que haya sido un homicidio.<\/p>\n<p>Sumado al escenario en el cual se habr\u00eda hallado el cuerpo, las sospechas crecieron al escuchar las declaraciones que realiz\u00f3 su pareja y dem\u00e1s testigos, ya que se encontraron varias contradicciones.<\/p>\n<p>Su pareja, quien supuestamente estuvo preso por el homicidio de un hermano, habr\u00eda declarado que a las 15:00hs se encontraba trabajando, y los testigos dicen haberlo visto pasada las 16:00hs en el domicilio de Barrio Fonavi.<\/p>\n<p>Seg\u00fan la informaci\u00f3n que maneja esta redacci\u00f3n, el hombre se encontraba ebrio al momento de declarar por lo que qued\u00f3 detenido.<\/p>\n<p>La hip\u00f3tesis de homicidio se ver\u00eda reforzada, con la escena del crimen porque la joven polic\u00eda ser\u00eda diestra y el disparo efectuado habr\u00eda sido sobre el lateral izquierdo.<\/p>\n<p>En las redes sociales, familiares y amigos de la joven han hecho diferente declaraciones y entre ellas citan: \u201cJustica por Johana\u201d.<\/p>\n<p>Fuente: Ramallo Informa<\/p>\n","protected":false},"excerpt":{"rendered":"<p>En las \u00faltimas horas de la tarde de el martes, se conoci\u00f3 la triste noticia. Una joven de aproximadamente 28 a\u00f1os fue hallada sin signos vitales. Se trata de Johana Soledad Rojas, conocida por sus allegados como \u201cMara\u201d, una joven que se desempe\u00f1aba como polic\u00eda local de nuestro partido. Seg\u00fan supo esta redacci\u00f3n la joven [&hellip;]<\/p>\n","protected":false},"author":4,"featured_media":36663,"comment_status":"open","ping_status":"closed","sticky":false,"template":"","format":"standard","meta":{"om_disable_all_campaigns":false,"_jetpack_memberships_contains_paid_content":false,"footnotes":""},"categories":[621],"tags":[],"class_list":["post-36662","post","type-post","status-publish","format-standard","has-post-thumbnail","hentry","category-regionales"],"aioseo_notices":[],"gutentor_comment":0,"jetpack_featured_media_url":"https:\/\/eldiariodesanpedro.com.ar\/sitio\/wp-content\/uploads\/2018\/07\/johana-rojas-660x491.jpg","jetpack_shortlink":"https:\/\/wp.me\/p6RhLt-9xk","jetpack_sharing_enabled":true,"_links":{"self":[{"href":"https:\/\/eldiariodesanpedro.com.ar\/sitio\/wp-json\/wp\/v2\/posts\/36662","targetHints":{"allow":["GET"]}}],"collection":[{"href":"https:\/\/eldiariodesanpedro.com.ar\/sitio\/wp-json\/wp\/v2\/posts"}],"about":[{"href":"https:\/\/eldiariodesanpedro.com.ar\/sitio\/wp-json\/wp\/v2\/types\/post"}],"author":[{"embeddable":true,"href":"https:\/\/eldiariodesanpedro.com.ar\/sitio\/wp-json\/wp\/v2\/users\/4"}],"replies":[{"embeddable":true,"href":"https:\/\/eldiariodesanpedro.com.ar\/sitio\/wp-json\/wp\/v2\/comments?post=36662"}],"version-history":[{"count":1,"href":"https:\/\/eldiariodesanpedro.com.ar\/sitio\/wp-json\/wp\/v2\/posts\/36662\/revisions"}],"predecessor-version":[{"id":36664,"href":"https:\/\/eldiariodesanpedro.com.ar\/sitio\/wp-json\/wp\/v2\/posts\/36662\/revisions\/36664"}],"wp:featuredmedia":[{"embeddable":true,"href":"https:\/\/eldiariodesanpedro.com.ar\/sitio\/wp-json\/wp\/v2\/media\/36663"}],"wp:attachment":[{"href":"https:\/\/eldiariodesanpedro.com.ar\/sitio\/wp-json\/wp\/v2\/media?parent=36662"}],"wp:term":[{"taxonomy":"category","embeddable":true,"href":"https:\/\/eldiariodesanpedro.com.ar\/sitio\/wp-json\/wp\/v2\/categories?post=36662"},{"taxonomy":"post_tag","embeddable":true,"href":"https:\/\/eldiariodesanpedro.com.ar\/sitio\/wp-json\/wp\/v2\/tags?post=36662"}],"curies":[{"name":"wp","href":"https:\/\/api.w.org\/{rel}","templated":true}]}}