{"id":36657,"date":"2018-07-18T10:18:32","date_gmt":"2018-07-18T13:18:32","guid":{"rendered":"https:\/\/eldiariodesanpedro.com.ar\/sitio\/?p=36657"},"modified":"2018-07-18T10:20:44","modified_gmt":"2018-07-18T13:20:44","slug":"arrecifes-la-municipalidad-no-cobrara-tasas-a-comercios-e-industrias-por-tres-meses","status":"publish","type":"post","link":"https:\/\/eldiariodesanpedro.com.ar\/sitio\/arrecifes-la-municipalidad-no-cobrara-tasas-a-comercios-e-industrias-por-tres-meses\/","title":{"rendered":"ARRECIFES: La Municipalidad no cobrar\u00e1 tasas a comercios e industrias por tres meses"},"content":{"rendered":"<p><!-- VideographyWP Plugin Message: Automatic video embedding prevented by plugin options. --><br \/>\nEl intendente Javier Olaeta enviar\u00e1 en los pr\u00f3ximos d\u00edas al Concejo Deliberante un proyecto de ordenanza para eximir del pago de la tasa de Seguridad e Higiene a los comercios y empresas arrecife\u00f1as por los meses de setiembre, octubre y noviembre.<\/p>\n<p>La medida beneficiar\u00e1 a cerca de 1.000 contribuyentes y ya est\u00e1 siendo elaborada por la Secretar\u00eda de Hacienda, a cargo de Mauro B\u00f3veda, en la b\u00fasqueda de apoyar al peque\u00f1o y mediano comerciante y acompa\u00f1ar el esfuerzo que realizan d\u00eda a d\u00eda en sus respectivos emprendimientos.<\/p>\n<p>Esta iniciativa surge tras varias reuniones llevadas a cabo entre el intendente Olaeta, representantes de la C\u00e1mara de Comercio e Industria de Arrecifes y comerciantes locales de diferentes rubros, en donde se evalu\u00f3 la situaci\u00f3n actual del distrito y se analizaron distintas medidas que se podr\u00edan impulsar desde el Municipio a favor del peque\u00f1o y mediano comerciante.<\/p>\n<p>Una vez aprobada por el Concejo Deliberante, esta exenci\u00f3n se aplicar\u00e1 en forma autom\u00e1tica y alcanza a todos los contribuyentes, tengan o no deudas.<\/p>\n<p>Fuente: Arrecifes Noticias<\/p>\n","protected":false},"excerpt":{"rendered":"<p>El intendente Javier Olaeta enviar\u00e1 en los pr\u00f3ximos d\u00edas al Concejo Deliberante un proyecto de ordenanza para eximir del pago de la tasa de Seguridad e Higiene a los comercios y empresas arrecife\u00f1as por los meses de setiembre, octubre y noviembre. La medida beneficiar\u00e1 a cerca de 1.000 contribuyentes y ya est\u00e1 siendo elaborada por [&hellip;]<\/p>\n","protected":false},"author":4,"featured_media":36658,"comment_status":"open","ping_status":"closed","sticky":false,"template":"","format":"standard","meta":{"om_disable_all_campaigns":false,"_jetpack_memberships_contains_paid_content":false,"footnotes":""},"categories":[621],"tags":[],"class_list":["post-36657","post","type-post","status-publish","format-standard","has-post-thumbnail","hentry","category-regionales"],"aioseo_notices":[],"gutentor_comment":0,"jetpack_featured_media_url":"https:\/\/eldiariodesanpedro.com.ar\/sitio\/wp-content\/uploads\/2018\/07\/Javier-Olaeta-firma.jpg","jetpack_shortlink":"https:\/\/wp.me\/p6RhLt-9xf","jetpack_sharing_enabled":true,"_links":{"self":[{"href":"https:\/\/eldiariodesanpedro.com.ar\/sitio\/wp-json\/wp\/v2\/posts\/36657","targetHints":{"allow":["GET"]}}],"collection":[{"href":"https:\/\/eldiariodesanpedro.com.ar\/sitio\/wp-json\/wp\/v2\/posts"}],"about":[{"href":"https:\/\/eldiariodesanpedro.com.ar\/sitio\/wp-json\/wp\/v2\/types\/post"}],"author":[{"embeddable":true,"href":"https:\/\/eldiariodesanpedro.com.ar\/sitio\/wp-json\/wp\/v2\/users\/4"}],"replies":[{"embeddable":true,"href":"https:\/\/eldiariodesanpedro.com.ar\/sitio\/wp-json\/wp\/v2\/comments?post=36657"}],"version-history":[{"count":3,"href":"https:\/\/eldiariodesanpedro.com.ar\/sitio\/wp-json\/wp\/v2\/posts\/36657\/revisions"}],"predecessor-version":[{"id":36661,"href":"https:\/\/eldiariodesanpedro.com.ar\/sitio\/wp-json\/wp\/v2\/posts\/36657\/revisions\/36661"}],"wp:featuredmedia":[{"embeddable":true,"href":"https:\/\/eldiariodesanpedro.com.ar\/sitio\/wp-json\/wp\/v2\/media\/36658"}],"wp:attachment":[{"href":"https:\/\/eldiariodesanpedro.com.ar\/sitio\/wp-json\/wp\/v2\/media?parent=36657"}],"wp:term":[{"taxonomy":"category","embeddable":true,"href":"https:\/\/eldiariodesanpedro.com.ar\/sitio\/wp-json\/wp\/v2\/categories?post=36657"},{"taxonomy":"post_tag","embeddable":true,"href":"https:\/\/eldiariodesanpedro.com.ar\/sitio\/wp-json\/wp\/v2\/tags?post=36657"}],"curies":[{"name":"wp","href":"https:\/\/api.w.org\/{rel}","templated":true}]}}