{"id":36654,"date":"2018-07-18T09:07:05","date_gmt":"2018-07-18T12:07:05","guid":{"rendered":"https:\/\/eldiariodesanpedro.com.ar\/sitio\/?p=36654"},"modified":"2018-07-18T09:07:05","modified_gmt":"2018-07-18T12:07:05","slug":"se-recupero-una-moto-con-pedido-activo-desde-el-ano-2015","status":"publish","type":"post","link":"https:\/\/eldiariodesanpedro.com.ar\/sitio\/se-recupero-una-moto-con-pedido-activo-desde-el-ano-2015\/","title":{"rendered":"Se recuper\u00f3 una moto con pedido activo desde el a\u00f1o 2015"},"content":{"rendered":"<p><!-- VideographyWP Plugin Message: Automatic video embedding prevented by plugin options. --><br \/>\nEn la tarde del martes, personal policial continuando con  distintos  operativos, en intersecci\u00f3n de las calles Socorro y Colon, se procedi\u00f3 a la identificaci\u00f3n de un ciudadano  mayor de edad, oriundo de esta ciudad, quien circulaba en motocicleta la cual registra un pedido de secuestro activo, por hecho de ROBO a requerimiento de la Fiscal\u00eda local desde el a\u00f1o 2015.<\/p>\n<p> Intervino la Fiscal\u00eda en turno de san pedro, disponiendo para el tenedor recaudos legales y libertad, permaneciendo la moto secuestrada en Sede policial.<\/p>\n","protected":false},"excerpt":{"rendered":"<p>En la tarde del martes, personal policial continuando con distintos operativos, en intersecci\u00f3n de las calles Socorro y Colon, se procedi\u00f3 a la identificaci\u00f3n de un ciudadano mayor de edad, oriundo de esta ciudad, quien circulaba en motocicleta la cual registra un pedido de secuestro activo, por hecho de ROBO a requerimiento de la Fiscal\u00eda [&hellip;]<\/p>\n","protected":false},"author":4,"featured_media":36655,"comment_status":"open","ping_status":"closed","sticky":false,"template":"","format":"standard","meta":{"om_disable_all_campaigns":false,"_jetpack_memberships_contains_paid_content":false,"footnotes":""},"categories":[50,2,103],"tags":[],"class_list":["post-36654","post","type-post","status-publish","format-standard","has-post-thumbnail","hentry","category-destacadas","category-locales","category-policiales-locales"],"aioseo_notices":[],"gutentor_comment":0,"jetpack_featured_media_url":"https:\/\/eldiariodesanpedro.com.ar\/sitio\/wp-content\/uploads\/2018\/07\/moto-secuestrada-colon-y-socorro.jpeg","jetpack_shortlink":"https:\/\/wp.me\/p6RhLt-9xc","jetpack_sharing_enabled":true,"_links":{"self":[{"href":"https:\/\/eldiariodesanpedro.com.ar\/sitio\/wp-json\/wp\/v2\/posts\/36654","targetHints":{"allow":["GET"]}}],"collection":[{"href":"https:\/\/eldiariodesanpedro.com.ar\/sitio\/wp-json\/wp\/v2\/posts"}],"about":[{"href":"https:\/\/eldiariodesanpedro.com.ar\/sitio\/wp-json\/wp\/v2\/types\/post"}],"author":[{"embeddable":true,"href":"https:\/\/eldiariodesanpedro.com.ar\/sitio\/wp-json\/wp\/v2\/users\/4"}],"replies":[{"embeddable":true,"href":"https:\/\/eldiariodesanpedro.com.ar\/sitio\/wp-json\/wp\/v2\/comments?post=36654"}],"version-history":[{"count":1,"href":"https:\/\/eldiariodesanpedro.com.ar\/sitio\/wp-json\/wp\/v2\/posts\/36654\/revisions"}],"predecessor-version":[{"id":36656,"href":"https:\/\/eldiariodesanpedro.com.ar\/sitio\/wp-json\/wp\/v2\/posts\/36654\/revisions\/36656"}],"wp:featuredmedia":[{"embeddable":true,"href":"https:\/\/eldiariodesanpedro.com.ar\/sitio\/wp-json\/wp\/v2\/media\/36655"}],"wp:attachment":[{"href":"https:\/\/eldiariodesanpedro.com.ar\/sitio\/wp-json\/wp\/v2\/media?parent=36654"}],"wp:term":[{"taxonomy":"category","embeddable":true,"href":"https:\/\/eldiariodesanpedro.com.ar\/sitio\/wp-json\/wp\/v2\/categories?post=36654"},{"taxonomy":"post_tag","embeddable":true,"href":"https:\/\/eldiariodesanpedro.com.ar\/sitio\/wp-json\/wp\/v2\/tags?post=36654"}],"curies":[{"name":"wp","href":"https:\/\/api.w.org\/{rel}","templated":true}]}}