{"id":36640,"date":"2018-07-17T20:33:09","date_gmt":"2018-07-17T23:33:09","guid":{"rendered":"https:\/\/eldiariodesanpedro.com.ar\/sitio\/?p=36640"},"modified":"2026-01-24T00:11:23","modified_gmt":"2026-01-24T03:11:23","slug":"futbol-sub-15-san-pedro-visita-a-pergamino-en-el-debut-del-nacional-sub-15","status":"publish","type":"post","link":"https:\/\/eldiariodesanpedro.com.ar\/sitio\/futbol-sub-15-san-pedro-visita-a-pergamino-en-el-debut-del-nacional-sub-15\/","title":{"rendered":"F\u00daTBOL SUB 15: San Pedro visita a Pergamino en el debut del Nacional Sub 15"},"content":{"rendered":"<p><!-- VideographyWP Plugin Message: Automatic video embedding prevented by plugin options. --><br \/>\n  Qued\u00f3 confirmado que el inicio del torneo para Federaci\u00f3n Norte de F\u00fatbol ser\u00e1 el 15 de agosto, d\u00eda en que San Pedro visitar\u00e1 a Pergamino.<\/p>\n<p>  La decisi\u00f3n de FNF se tom\u00f3 este s\u00e1bado en la reuni\u00f3n mensual que llev\u00f3 a cabo, en esta ocasi\u00f3n, en el Club Obras Sanitarias de Arrecifes. La zona de San Pedro la integran Pergamino, primer rival, San Antonio de Areco y Arrecifes, estos juegan entre si en el debut.<\/p>\n","protected":false},"excerpt":{"rendered":"<p>Qued\u00f3 confirmado que el inicio del torneo para Federaci\u00f3n Norte de F\u00fatbol ser\u00e1 el 15 de agosto, d\u00eda en que San Pedro visitar\u00e1 a Pergamino. La decisi\u00f3n de FNF se tom\u00f3 este s\u00e1bado en la reuni\u00f3n mensual que llev\u00f3 a cabo, en esta ocasi\u00f3n, en el Club Obras Sanitarias de Arrecifes. La zona de San [&hellip;]<\/p>\n","protected":false},"author":4,"featured_media":17907,"comment_status":"open","ping_status":"closed","sticky":false,"template":"","format":"standard","meta":{"om_disable_all_campaigns":false,"_jetpack_memberships_contains_paid_content":false,"footnotes":""},"categories":[5],"tags":[],"class_list":["post-36640","post","type-post","status-publish","format-standard","has-post-thumbnail","hentry","category-deportes"],"aioseo_notices":[],"gutentor_comment":0,"jetpack_featured_media_url":"https:\/\/eldiariodesanpedro.com.ar\/sitio\/wp-content\/uploads\/2017\/04\/futbol-balon.jpg","jetpack_shortlink":"https:\/\/wp.me\/p6RhLt-9wY","jetpack_sharing_enabled":true,"_links":{"self":[{"href":"https:\/\/eldiariodesanpedro.com.ar\/sitio\/wp-json\/wp\/v2\/posts\/36640","targetHints":{"allow":["GET"]}}],"collection":[{"href":"https:\/\/eldiariodesanpedro.com.ar\/sitio\/wp-json\/wp\/v2\/posts"}],"about":[{"href":"https:\/\/eldiariodesanpedro.com.ar\/sitio\/wp-json\/wp\/v2\/types\/post"}],"author":[{"embeddable":true,"href":"https:\/\/eldiariodesanpedro.com.ar\/sitio\/wp-json\/wp\/v2\/users\/4"}],"replies":[{"embeddable":true,"href":"https:\/\/eldiariodesanpedro.com.ar\/sitio\/wp-json\/wp\/v2\/comments?post=36640"}],"version-history":[{"count":1,"href":"https:\/\/eldiariodesanpedro.com.ar\/sitio\/wp-json\/wp\/v2\/posts\/36640\/revisions"}],"predecessor-version":[{"id":36645,"href":"https:\/\/eldiariodesanpedro.com.ar\/sitio\/wp-json\/wp\/v2\/posts\/36640\/revisions\/36645"}],"wp:featuredmedia":[{"embeddable":true,"href":"https:\/\/eldiariodesanpedro.com.ar\/sitio\/wp-json\/wp\/v2\/media\/17907"}],"wp:attachment":[{"href":"https:\/\/eldiariodesanpedro.com.ar\/sitio\/wp-json\/wp\/v2\/media?parent=36640"}],"wp:term":[{"taxonomy":"category","embeddable":true,"href":"https:\/\/eldiariodesanpedro.com.ar\/sitio\/wp-json\/wp\/v2\/categories?post=36640"},{"taxonomy":"post_tag","embeddable":true,"href":"https:\/\/eldiariodesanpedro.com.ar\/sitio\/wp-json\/wp\/v2\/tags?post=36640"}],"curies":[{"name":"wp","href":"https:\/\/api.w.org\/{rel}","templated":true}]}}