{"id":36639,"date":"2018-07-17T20:33:00","date_gmt":"2018-07-17T23:33:00","guid":{"rendered":"https:\/\/eldiariodesanpedro.com.ar\/sitio\/?p=36639"},"modified":"2026-01-24T00:11:23","modified_gmt":"2026-01-24T03:11:23","slug":"patin-artistico-parana-f-c-participo-en-el-club-midland","status":"publish","type":"post","link":"https:\/\/eldiariodesanpedro.com.ar\/sitio\/patin-artistico-parana-f-c-participo-en-el-club-midland\/","title":{"rendered":"PAT\u00cdN ART\u00cdSTICO: Paran\u00e1 F. C. particip\u00f3 en el Club Midland"},"content":{"rendered":"<p><!-- VideographyWP Plugin Message: Automatic video embedding prevented by plugin options. --><br \/>\n  Pat\u00edn Art\u00edstico de Paran\u00e1 F.C. particip\u00f3 este s\u00e1bado con su equipo de patinadoras Federadas, en el torneo organizado por el Club A. F. Midland, en la localidad de Libertad, Bs. As.<\/p>\n<p><em>Las categor\u00edas y puestos obtenidos son los siguientes:<\/em><br \/>\n2\u00aa \u201cB\u201d: Alisa P\u00e1ez 1er. puesto.<br \/>\nPromo \u201cB\u201d: 1er puesto Sof\u00eda Baca.<br \/>\n\u201cIncentivos\u201d: participaron Lola Laiz 4\u00aa (10 a\u00f1os) y Zoe Bon 1\u00aa (9 a\u00f1os).<br \/>\nExhibici\u00f3n: participaron, G\u00f3mez Gala 1\u00aa (5 a\u00f1os) y P\u00e9rez Priscila 1\u00aa (6 a\u00f1os).<br \/>\nEscuela formativa: 9 a\u00f1os; Cerda, M\u00eda 1\u00aa, Araldi Valentina 4\u00aa, Lobianco Alma 2\u00aa.<br \/>\n6 y 7 a\u00f1os; Manso Emma 1\u00aa, Courtade Amparo 2\u00aa.<br \/>\n10 a\u00f1os; Gonz\u00e1lez Aymar, 1\u00aa.<br \/>\n5\u00aa \u201cC\u201d 10 a\u00f1os; G\u00f3mez P\u00eda, 2\u00ba puesto.<br \/>\n3\u00aa\u201dC\u201d 14 a\u00f1os; Salazar Natasha, 2\u00ba puesto.<\/p>\n","protected":false},"excerpt":{"rendered":"<p>Pat\u00edn Art\u00edstico de Paran\u00e1 F.C. particip\u00f3 este s\u00e1bado con su equipo de patinadoras Federadas, en el torneo organizado por el Club A. F. Midland, en la localidad de Libertad, Bs. As. Las categor\u00edas y puestos obtenidos son los siguientes: 2\u00aa \u201cB\u201d: Alisa P\u00e1ez 1er. puesto. Promo \u201cB\u201d: 1er puesto Sof\u00eda Baca. \u201cIncentivos\u201d: participaron Lola Laiz [&hellip;]<\/p>\n","protected":false},"author":4,"featured_media":36643,"comment_status":"open","ping_status":"closed","sticky":false,"template":"","format":"standard","meta":{"om_disable_all_campaigns":false,"_jetpack_memberships_contains_paid_content":false,"footnotes":""},"categories":[5],"tags":[],"class_list":["post-36639","post","type-post","status-publish","format-standard","has-post-thumbnail","hentry","category-deportes"],"aioseo_notices":[],"gutentor_comment":0,"jetpack_featured_media_url":"https:\/\/eldiariodesanpedro.com.ar\/sitio\/wp-content\/uploads\/2018\/07\/Plantel-de-patinadoras-de-Paran\u00e1.jpg","jetpack_shortlink":"https:\/\/wp.me\/p6RhLt-9wX","jetpack_sharing_enabled":true,"_links":{"self":[{"href":"https:\/\/eldiariodesanpedro.com.ar\/sitio\/wp-json\/wp\/v2\/posts\/36639","targetHints":{"allow":["GET"]}}],"collection":[{"href":"https:\/\/eldiariodesanpedro.com.ar\/sitio\/wp-json\/wp\/v2\/posts"}],"about":[{"href":"https:\/\/eldiariodesanpedro.com.ar\/sitio\/wp-json\/wp\/v2\/types\/post"}],"author":[{"embeddable":true,"href":"https:\/\/eldiariodesanpedro.com.ar\/sitio\/wp-json\/wp\/v2\/users\/4"}],"replies":[{"embeddable":true,"href":"https:\/\/eldiariodesanpedro.com.ar\/sitio\/wp-json\/wp\/v2\/comments?post=36639"}],"version-history":[{"count":1,"href":"https:\/\/eldiariodesanpedro.com.ar\/sitio\/wp-json\/wp\/v2\/posts\/36639\/revisions"}],"predecessor-version":[{"id":36644,"href":"https:\/\/eldiariodesanpedro.com.ar\/sitio\/wp-json\/wp\/v2\/posts\/36639\/revisions\/36644"}],"wp:featuredmedia":[{"embeddable":true,"href":"https:\/\/eldiariodesanpedro.com.ar\/sitio\/wp-json\/wp\/v2\/media\/36643"}],"wp:attachment":[{"href":"https:\/\/eldiariodesanpedro.com.ar\/sitio\/wp-json\/wp\/v2\/media?parent=36639"}],"wp:term":[{"taxonomy":"category","embeddable":true,"href":"https:\/\/eldiariodesanpedro.com.ar\/sitio\/wp-json\/wp\/v2\/categories?post=36639"},{"taxonomy":"post_tag","embeddable":true,"href":"https:\/\/eldiariodesanpedro.com.ar\/sitio\/wp-json\/wp\/v2\/tags?post=36639"}],"curies":[{"name":"wp","href":"https:\/\/api.w.org\/{rel}","templated":true}]}}