{"id":36635,"date":"2018-07-17T19:55:54","date_gmt":"2018-07-17T22:55:54","guid":{"rendered":"https:\/\/eldiariodesanpedro.com.ar\/sitio\/?p=36635"},"modified":"2018-07-17T19:55:54","modified_gmt":"2018-07-17T22:55:54","slug":"nueva-comision-directiva-de-la-biblioteca-rafael-obligado","status":"publish","type":"post","link":"https:\/\/eldiariodesanpedro.com.ar\/sitio\/nueva-comision-directiva-de-la-biblioteca-rafael-obligado\/","title":{"rendered":"Nueva comisi\u00f3n directiva de la biblioteca Rafael Obligado"},"content":{"rendered":"<p><!-- VideographyWP Plugin Message: Automatic video embedding prevented by plugin options. --><br \/>\nSe realiz\u00f3 la elecci\u00f3n de las nuevas autoridades de la comisi\u00f3n directiva en Asamblea Ordinaria Biblioteca Popular Rafael Obligado el pasado 16 de Julio quedando conformada de esta manera.  <\/p>\n<p>Presidenta: Susana Oroz<br \/>\nVicePresidente: Cristina P\u00e9rez<br \/>\nTesorero: Jorge Bischof<br \/>\nSecretaria: Mar\u00eda Alicia Reboratti<br \/>\nVocales titulares: Nora Beneventana, Olga Rasio,<br \/>\nVocales suplentes: Blanca Navarro, Lucrecia Hern\u00e1ndez, Julia Varga, Luciana Baca<br \/>\nRevisores de cuenta: Arturo Fente, Nancy Dom\u00ednguez<\/p>\n","protected":false},"excerpt":{"rendered":"<p>Se realiz\u00f3 la elecci\u00f3n de las nuevas autoridades de la comisi\u00f3n directiva en Asamblea Ordinaria Biblioteca Popular Rafael Obligado el pasado 16 de Julio quedando conformada de esta manera. Presidenta: Susana Oroz VicePresidente: Cristina P\u00e9rez Tesorero: Jorge Bischof Secretaria: Mar\u00eda Alicia Reboratti Vocales titulares: Nora Beneventana, Olga Rasio, Vocales suplentes: Blanca Navarro, Lucrecia Hern\u00e1ndez, Julia [&hellip;]<\/p>\n","protected":false},"author":4,"featured_media":10256,"comment_status":"open","ping_status":"closed","sticky":false,"template":"","format":"standard","meta":{"om_disable_all_campaigns":false,"_jetpack_memberships_contains_paid_content":false,"footnotes":""},"categories":[101,2],"tags":[],"class_list":["post-36635","post","type-post","status-publish","format-standard","has-post-thumbnail","hentry","category-interes-general-locales","category-locales"],"aioseo_notices":[],"gutentor_comment":0,"jetpack_featured_media_url":"https:\/\/eldiariodesanpedro.com.ar\/sitio\/wp-content\/uploads\/2016\/11\/Biblioteca-Popular-Rafael-Obligado.jpg","jetpack_shortlink":"https:\/\/wp.me\/p6RhLt-9wT","jetpack_sharing_enabled":true,"_links":{"self":[{"href":"https:\/\/eldiariodesanpedro.com.ar\/sitio\/wp-json\/wp\/v2\/posts\/36635","targetHints":{"allow":["GET"]}}],"collection":[{"href":"https:\/\/eldiariodesanpedro.com.ar\/sitio\/wp-json\/wp\/v2\/posts"}],"about":[{"href":"https:\/\/eldiariodesanpedro.com.ar\/sitio\/wp-json\/wp\/v2\/types\/post"}],"author":[{"embeddable":true,"href":"https:\/\/eldiariodesanpedro.com.ar\/sitio\/wp-json\/wp\/v2\/users\/4"}],"replies":[{"embeddable":true,"href":"https:\/\/eldiariodesanpedro.com.ar\/sitio\/wp-json\/wp\/v2\/comments?post=36635"}],"version-history":[{"count":1,"href":"https:\/\/eldiariodesanpedro.com.ar\/sitio\/wp-json\/wp\/v2\/posts\/36635\/revisions"}],"predecessor-version":[{"id":36641,"href":"https:\/\/eldiariodesanpedro.com.ar\/sitio\/wp-json\/wp\/v2\/posts\/36635\/revisions\/36641"}],"wp:featuredmedia":[{"embeddable":true,"href":"https:\/\/eldiariodesanpedro.com.ar\/sitio\/wp-json\/wp\/v2\/media\/10256"}],"wp:attachment":[{"href":"https:\/\/eldiariodesanpedro.com.ar\/sitio\/wp-json\/wp\/v2\/media?parent=36635"}],"wp:term":[{"taxonomy":"category","embeddable":true,"href":"https:\/\/eldiariodesanpedro.com.ar\/sitio\/wp-json\/wp\/v2\/categories?post=36635"},{"taxonomy":"post_tag","embeddable":true,"href":"https:\/\/eldiariodesanpedro.com.ar\/sitio\/wp-json\/wp\/v2\/tags?post=36635"}],"curies":[{"name":"wp","href":"https:\/\/api.w.org\/{rel}","templated":true}]}}