{"id":36632,"date":"2018-07-17T19:35:09","date_gmt":"2018-07-17T22:35:09","guid":{"rendered":"https:\/\/eldiariodesanpedro.com.ar\/sitio\/?p=36632"},"modified":"2018-07-17T19:58:14","modified_gmt":"2018-07-17T22:58:14","slug":"emily-sigue-convulsionando-esperando-un-traslado-a-un-centro-de-mayor-complejidad","status":"publish","type":"post","link":"https:\/\/eldiariodesanpedro.com.ar\/sitio\/emily-sigue-convulsionando-esperando-un-traslado-a-un-centro-de-mayor-complejidad\/","title":{"rendered":"Emily sigue convulsionando esperando un traslado a un centro de mayor complejidad"},"content":{"rendered":"<p><!-- VideographyWP Plugin Message: Automatic video embedding prevented by plugin options. --><br \/>\nUna peque\u00f1a reci\u00e9n nacida no para de convulsionar, los familiares y m\u00e9dicos aguardan su traslado de urgencia a un centro de mayor complejidad. La beba, llamada Emily, naci\u00f3 este s\u00e1bado en el Hospital local; el Director dice que hasta el momento no han conseguido cama.<\/p>\n<p>  El Diario de San Pedro dialog\u00f3 con un familiar de Emily y nos contaba: \u00abeste s\u00e1bado su mam\u00e1, D\u00e9bora, entr\u00f3 en trabajo de parto y fue llevada a la sala para que naciera su hija, todo estaba preparado para un parto normal. La \u00faltima ecograf\u00eda fue a los 8 meses y la beba pesaba no m\u00e1s de tres kg. Algo pas\u00f3 que Emily no pod\u00eda nacer, tuvieron que subirse arriba de su mam\u00e1 en el momento del parto porque no nac\u00eda, hasta que le hicieron una ces\u00e1rea de urgencia\u00bb. El familiar adem\u00e1s detall\u00f3 sobre el estado de la mam\u00e1: \u00abA D\u00e9bora le qued\u00f3 el \u00fatero hecho pelota\u00bb.<\/p>\n<p>  Agreg\u00f3 tambi\u00e9n que, una vez que la beba naci\u00f3 fue directo a Neo, donde permanece intubada en la incubadora, en el transcurso de su nacimiento trag\u00f3 l\u00edquido amni\u00f3tico.<\/p>\n<p>  Este lunes Em\u00edly pas\u00f3 de encontrarse en estado delicado, a estado grave. Comenz\u00f3 a convulsionar muy fuerte, 4 o 5 veces por d\u00eda, cont\u00f3 Cecilia, prima de D\u00e9bora y manifest\u00f3: \u00abEstamos todos muy mal, D\u00e9bora ya perdi\u00f3 un beb\u00e9, est\u00e1 destrozada, los m\u00e9dicos nos dijeron que se necesita un traslado urgente, lo estamos esperando por favor\u00bb.<\/p>\n<p>  Dialogamos tambi\u00e9n con el Director del Hospital Javier Sualdea, quien nos asegur\u00f3 que se est\u00e1 trabajando mucho para conseguir el traslado de Emily, pero no consiguen lugar, ni camas.<\/p>\n<p>  La beba aguarda el traslado urgente a un centro de mayor complejidad, equipado con servicio de neonatolog\u00eda para que la asistan y le realicen nuevos estudios.<\/p>\n","protected":false},"excerpt":{"rendered":"<p>Una peque\u00f1a reci\u00e9n nacida no para de convulsionar, los familiares y m\u00e9dicos aguardan su traslado de urgencia a un centro de mayor complejidad. La beba, llamada Emily, naci\u00f3 este s\u00e1bado en el Hospital local; el Director dice que hasta el momento no han conseguido cama. El Diario de San Pedro dialog\u00f3 con un familiar de [&hellip;]<\/p>\n","protected":false},"author":4,"featured_media":36636,"comment_status":"open","ping_status":"closed","sticky":false,"template":"","format":"standard","meta":{"om_disable_all_campaigns":false,"_jetpack_memberships_contains_paid_content":false,"footnotes":""},"categories":[50,101,2],"tags":[],"class_list":["post-36632","post","type-post","status-publish","format-standard","has-post-thumbnail","hentry","category-destacadas","category-interes-general-locales","category-locales"],"aioseo_notices":[],"gutentor_comment":0,"jetpack_featured_media_url":"https:\/\/eldiariodesanpedro.com.ar\/sitio\/wp-content\/uploads\/2018\/07\/WhatsApp-Image-2018-07-17-at-12.25.56.jpeg","jetpack_shortlink":"https:\/\/wp.me\/p6RhLt-9wQ","jetpack_sharing_enabled":true,"_links":{"self":[{"href":"https:\/\/eldiariodesanpedro.com.ar\/sitio\/wp-json\/wp\/v2\/posts\/36632","targetHints":{"allow":["GET"]}}],"collection":[{"href":"https:\/\/eldiariodesanpedro.com.ar\/sitio\/wp-json\/wp\/v2\/posts"}],"about":[{"href":"https:\/\/eldiariodesanpedro.com.ar\/sitio\/wp-json\/wp\/v2\/types\/post"}],"author":[{"embeddable":true,"href":"https:\/\/eldiariodesanpedro.com.ar\/sitio\/wp-json\/wp\/v2\/users\/4"}],"replies":[{"embeddable":true,"href":"https:\/\/eldiariodesanpedro.com.ar\/sitio\/wp-json\/wp\/v2\/comments?post=36632"}],"version-history":[{"count":2,"href":"https:\/\/eldiariodesanpedro.com.ar\/sitio\/wp-json\/wp\/v2\/posts\/36632\/revisions"}],"predecessor-version":[{"id":36642,"href":"https:\/\/eldiariodesanpedro.com.ar\/sitio\/wp-json\/wp\/v2\/posts\/36632\/revisions\/36642"}],"wp:featuredmedia":[{"embeddable":true,"href":"https:\/\/eldiariodesanpedro.com.ar\/sitio\/wp-json\/wp\/v2\/media\/36636"}],"wp:attachment":[{"href":"https:\/\/eldiariodesanpedro.com.ar\/sitio\/wp-json\/wp\/v2\/media?parent=36632"}],"wp:term":[{"taxonomy":"category","embeddable":true,"href":"https:\/\/eldiariodesanpedro.com.ar\/sitio\/wp-json\/wp\/v2\/categories?post=36632"},{"taxonomy":"post_tag","embeddable":true,"href":"https:\/\/eldiariodesanpedro.com.ar\/sitio\/wp-json\/wp\/v2\/tags?post=36632"}],"curies":[{"name":"wp","href":"https:\/\/api.w.org\/{rel}","templated":true}]}}