{"id":36631,"date":"2018-07-17T19:27:58","date_gmt":"2018-07-17T22:27:58","guid":{"rendered":"https:\/\/eldiariodesanpedro.com.ar\/sitio\/?p=36631"},"modified":"2018-07-17T19:27:58","modified_gmt":"2018-07-17T22:27:58","slug":"un-joven-herido-de-un-disparo-por-delincuentes-que-minutos-antes-habian-efectuado-otro-ilicito","status":"publish","type":"post","link":"https:\/\/eldiariodesanpedro.com.ar\/sitio\/un-joven-herido-de-un-disparo-por-delincuentes-que-minutos-antes-habian-efectuado-otro-ilicito\/","title":{"rendered":"Un joven herido de un disparo por delincuentes que minutos antes hab\u00edan efectuado otro il\u00edcito"},"content":{"rendered":"<p><!-- VideographyWP Plugin Message: Automatic video embedding prevented by plugin options. --><br \/>\nUn joven herido de un disparo en una de sus manos, por dos delincuentes que circulaban en motocicleta.<\/p>\n<p>En la tarde noche de este martes, alrededor de las 18:45 hs en la esquina de Combate de Obligado y Tucuman donde se produjo un incidente en el result\u00f3 herido un joven mayor de edad cuando dos delincuentes pasaron en una motocicleta efectuaron disparos impactando uno en una de sus manos, siendo trasladado r\u00e1pidamente por sus progenitores hasta el nosocomio local para recibir los primeros auxilios. <\/p>\n<p>Segun la descripcion de los malvivientes circulaban en una motocicleta 110 cc color negra y uno de ellos llevaba una campera de color rojo. <\/p>\n<p>Casualmente minutos antes en otra intersecci\u00f3n de la ciudad en cercan\u00edas se recibi\u00f3 la denuncia a trav\u00e9s del servicio 911 que dos malhechores con la misma descripci\u00f3n habr\u00edan asaltado a una joven que circulaba caminando sustrayendole un celular Samsung J7, d\u00e1ndose r\u00e1pidamente de la fuga.<\/p>\n<p>Los dos delincuentes fueron identificados por el joven herido y se investigan las causas de los disparos.<\/p>\n","protected":false},"excerpt":{"rendered":"<p>Un joven herido de un disparo en una de sus manos, por dos delincuentes que circulaban en motocicleta. En la tarde noche de este martes, alrededor de las 18:45 hs en la esquina de Combate de Obligado y Tucuman donde se produjo un incidente en el result\u00f3 herido un joven mayor de edad cuando dos [&hellip;]<\/p>\n","protected":false},"author":4,"featured_media":36633,"comment_status":"open","ping_status":"closed","sticky":false,"template":"","format":"standard","meta":{"om_disable_all_campaigns":false,"_jetpack_memberships_contains_paid_content":false,"footnotes":""},"categories":[2,103],"tags":[],"class_list":["post-36631","post","type-post","status-publish","format-standard","has-post-thumbnail","hentry","category-locales","category-policiales-locales"],"aioseo_notices":[],"gutentor_comment":0,"jetpack_featured_media_url":"https:\/\/eldiariodesanpedro.com.ar\/sitio\/wp-content\/uploads\/2018\/07\/2018-07-17.png","jetpack_shortlink":"https:\/\/wp.me\/p6RhLt-9wP","jetpack_sharing_enabled":true,"_links":{"self":[{"href":"https:\/\/eldiariodesanpedro.com.ar\/sitio\/wp-json\/wp\/v2\/posts\/36631","targetHints":{"allow":["GET"]}}],"collection":[{"href":"https:\/\/eldiariodesanpedro.com.ar\/sitio\/wp-json\/wp\/v2\/posts"}],"about":[{"href":"https:\/\/eldiariodesanpedro.com.ar\/sitio\/wp-json\/wp\/v2\/types\/post"}],"author":[{"embeddable":true,"href":"https:\/\/eldiariodesanpedro.com.ar\/sitio\/wp-json\/wp\/v2\/users\/4"}],"replies":[{"embeddable":true,"href":"https:\/\/eldiariodesanpedro.com.ar\/sitio\/wp-json\/wp\/v2\/comments?post=36631"}],"version-history":[{"count":1,"href":"https:\/\/eldiariodesanpedro.com.ar\/sitio\/wp-json\/wp\/v2\/posts\/36631\/revisions"}],"predecessor-version":[{"id":36634,"href":"https:\/\/eldiariodesanpedro.com.ar\/sitio\/wp-json\/wp\/v2\/posts\/36631\/revisions\/36634"}],"wp:featuredmedia":[{"embeddable":true,"href":"https:\/\/eldiariodesanpedro.com.ar\/sitio\/wp-json\/wp\/v2\/media\/36633"}],"wp:attachment":[{"href":"https:\/\/eldiariodesanpedro.com.ar\/sitio\/wp-json\/wp\/v2\/media?parent=36631"}],"wp:term":[{"taxonomy":"category","embeddable":true,"href":"https:\/\/eldiariodesanpedro.com.ar\/sitio\/wp-json\/wp\/v2\/categories?post=36631"},{"taxonomy":"post_tag","embeddable":true,"href":"https:\/\/eldiariodesanpedro.com.ar\/sitio\/wp-json\/wp\/v2\/tags?post=36631"}],"curies":[{"name":"wp","href":"https:\/\/api.w.org\/{rel}","templated":true}]}}