{"id":36628,"date":"2018-07-17T17:47:03","date_gmt":"2018-07-17T20:47:03","guid":{"rendered":"https:\/\/eldiariodesanpedro.com.ar\/sitio\/?p=36628"},"modified":"2018-07-17T17:47:03","modified_gmt":"2018-07-17T20:47:03","slug":"busqueda-laboral-pasantia-en-comercio","status":"publish","type":"post","link":"https:\/\/eldiariodesanpedro.com.ar\/sitio\/busqueda-laboral-pasantia-en-comercio\/","title":{"rendered":"B\u00fasqueda laboral: Pasant\u00eda en Comercio"},"content":{"rendered":"<p><!-- VideographyWP Plugin Message: Automatic video embedding prevented by plugin options. --><br \/>\nPuesto: Atenci\u00f3n al Publico<br \/>\nRequisitos: Pertenecer al Programa J\u00f3venes y\/o progresar (se adjunta folleter\u00eda para adherirse)<\/p>\n<p>Sexo: femenino<br \/>\nActitud proactiva y de servicio<br \/>\nTener experiencia en la tarea<br \/>\nTener buena predisposici\u00f3n comunicacional <\/p>\n<p>Si cumpl\u00eds con los requisitos te esperamos en la Oficina de Empleo , Ayacucho 299 de lunes a viernes de 8 a 14 hs.<\/p>\n","protected":false},"excerpt":{"rendered":"<p>Puesto: Atenci\u00f3n al Publico Requisitos: Pertenecer al Programa J\u00f3venes y\/o progresar (se adjunta folleter\u00eda para adherirse) Sexo: femenino Actitud proactiva y de servicio Tener experiencia en la tarea Tener buena predisposici\u00f3n comunicacional Si cumpl\u00eds con los requisitos te esperamos en la Oficina de Empleo , Ayacucho 299 de lunes a viernes de 8 a 14 [&hellip;]<\/p>\n","protected":false},"author":4,"featured_media":36629,"comment_status":"open","ping_status":"closed","sticky":false,"template":"","format":"standard","meta":{"om_disable_all_campaigns":false,"_jetpack_memberships_contains_paid_content":false,"footnotes":""},"categories":[101,2],"tags":[],"class_list":["post-36628","post","type-post","status-publish","format-standard","has-post-thumbnail","hentry","category-interes-general-locales","category-locales"],"aioseo_notices":[],"gutentor_comment":0,"jetpack_featured_media_url":"https:\/\/eldiariodesanpedro.com.ar\/sitio\/wp-content\/uploads\/2018\/07\/pastedImage-1-5.png","jetpack_shortlink":"https:\/\/wp.me\/p6RhLt-9wM","jetpack_sharing_enabled":true,"_links":{"self":[{"href":"https:\/\/eldiariodesanpedro.com.ar\/sitio\/wp-json\/wp\/v2\/posts\/36628","targetHints":{"allow":["GET"]}}],"collection":[{"href":"https:\/\/eldiariodesanpedro.com.ar\/sitio\/wp-json\/wp\/v2\/posts"}],"about":[{"href":"https:\/\/eldiariodesanpedro.com.ar\/sitio\/wp-json\/wp\/v2\/types\/post"}],"author":[{"embeddable":true,"href":"https:\/\/eldiariodesanpedro.com.ar\/sitio\/wp-json\/wp\/v2\/users\/4"}],"replies":[{"embeddable":true,"href":"https:\/\/eldiariodesanpedro.com.ar\/sitio\/wp-json\/wp\/v2\/comments?post=36628"}],"version-history":[{"count":1,"href":"https:\/\/eldiariodesanpedro.com.ar\/sitio\/wp-json\/wp\/v2\/posts\/36628\/revisions"}],"predecessor-version":[{"id":36630,"href":"https:\/\/eldiariodesanpedro.com.ar\/sitio\/wp-json\/wp\/v2\/posts\/36628\/revisions\/36630"}],"wp:featuredmedia":[{"embeddable":true,"href":"https:\/\/eldiariodesanpedro.com.ar\/sitio\/wp-json\/wp\/v2\/media\/36629"}],"wp:attachment":[{"href":"https:\/\/eldiariodesanpedro.com.ar\/sitio\/wp-json\/wp\/v2\/media?parent=36628"}],"wp:term":[{"taxonomy":"category","embeddable":true,"href":"https:\/\/eldiariodesanpedro.com.ar\/sitio\/wp-json\/wp\/v2\/categories?post=36628"},{"taxonomy":"post_tag","embeddable":true,"href":"https:\/\/eldiariodesanpedro.com.ar\/sitio\/wp-json\/wp\/v2\/tags?post=36628"}],"curies":[{"name":"wp","href":"https:\/\/api.w.org\/{rel}","templated":true}]}}