{"id":36621,"date":"2018-07-17T11:31:14","date_gmt":"2018-07-17T14:31:14","guid":{"rendered":"https:\/\/eldiariodesanpedro.com.ar\/sitio\/?p=36621"},"modified":"2018-07-17T11:31:14","modified_gmt":"2018-07-17T14:31:14","slug":"san-pedro-se-prepara-para-dias-de-celebracion-por-los-111-anos-de-la-declaracion-de-ciudad","status":"publish","type":"post","link":"https:\/\/eldiariodesanpedro.com.ar\/sitio\/san-pedro-se-prepara-para-dias-de-celebracion-por-los-111-anos-de-la-declaracion-de-ciudad\/","title":{"rendered":"San Pedro se prepara para d\u00edas de celebraci\u00f3n por los 111 a\u00f1os de la Declaraci\u00f3n de Ciudad"},"content":{"rendered":"<p><!-- VideographyWP Plugin Message: Automatic video embedding prevented by plugin options. --><br \/>\nEl pr\u00f3ximo 25 de Julio, los sampedrinos celebraremos 111 a\u00f1os desde la Declaraci\u00f3n de Ciudad.<\/p>\n<p>Por tal motivo se invita a todos los comercios y empresas que lo deseen adherirse a las actividades planificadas tanto desde el sector p\u00fablico como privado. La propuesta consiste en acercarse a la fecha con alguna iniciativa que se pueda compartir con clientes y vecinos.<\/p>\n<p>La agenda que se adjunta anticipa algunas de las acciones ya confirmadas. Adem\u00e1s en el cierre de la jornada, en el Sal\u00f3n Dorado de la Municipalidad presentar\u00e1 una performance especial el Esamble del Conservatorio Carlos Gustavino.<\/p>\n<p>La actualizaci\u00f3n de estas novedades la iremos compartiendo en nuestras redes sociales y con nuevas comunicaciones a trav\u00e9s de los medios locales.<\/p>\n<p><img decoding=\"async\" data-attachment-id=\"36623\" data-permalink=\"https:\/\/eldiariodesanpedro.com.ar\/sitio\/san-pedro-se-prepara-para-dias-de-celebracion-por-los-111-anos-de-la-declaracion-de-ciudad\/sanpedrociudad2\/\" data-orig-file=\"https:\/\/eldiariodesanpedro.com.ar\/sitio\/wp-content\/uploads\/2018\/07\/SANPEDROCIUDAD2.jpg\" data-orig-size=\"1280,905\" data-comments-opened=\"1\" data-image-meta=\"{&quot;aperture&quot;:&quot;0&quot;,&quot;credit&quot;:&quot;&quot;,&quot;camera&quot;:&quot;&quot;,&quot;caption&quot;:&quot;&quot;,&quot;created_timestamp&quot;:&quot;0&quot;,&quot;copyright&quot;:&quot;&quot;,&quot;focal_length&quot;:&quot;0&quot;,&quot;iso&quot;:&quot;0&quot;,&quot;shutter_speed&quot;:&quot;0&quot;,&quot;title&quot;:&quot;&quot;,&quot;orientation&quot;:&quot;0&quot;}\" data-image-title=\"SANPEDROCIUDAD2\" data-image-description=\"\" data-image-caption=\"\" data-large-file=\"https:\/\/eldiariodesanpedro.com.ar\/sitio\/wp-content\/uploads\/2018\/07\/SANPEDROCIUDAD2-1024x724.jpg\" data-src=\"https:\/\/eldiariodesanpedro.com.ar\/sitio\/wp-content\/uploads\/2018\/07\/SANPEDROCIUDAD2-1024x724.jpg\" alt=\"\" width=\"660\" height=\"467\" class=\"alignnone size-large wp-image-36623 lazyload\" data-srcset=\"https:\/\/eldiariodesanpedro.com.ar\/sitio\/wp-content\/uploads\/2018\/07\/SANPEDROCIUDAD2-1024x724.jpg 1024w, https:\/\/eldiariodesanpedro.com.ar\/sitio\/wp-content\/uploads\/2018\/07\/SANPEDROCIUDAD2-300x212.jpg 300w, https:\/\/eldiariodesanpedro.com.ar\/sitio\/wp-content\/uploads\/2018\/07\/SANPEDROCIUDAD2-768x543.jpg 768w, https:\/\/eldiariodesanpedro.com.ar\/sitio\/wp-content\/uploads\/2018\/07\/SANPEDROCIUDAD2.jpg 1280w\" data-sizes=\"(max-width: 660px) 100vw, 660px\" src=\"data:image\/svg+xml;base64,PHN2ZyB3aWR0aD0iMSIgaGVpZ2h0PSIxIiB4bWxucz0iaHR0cDovL3d3dy53My5vcmcvMjAwMC9zdmciPjwvc3ZnPg==\" style=\"--smush-placeholder-width: 660px; --smush-placeholder-aspect-ratio: 660\/467;\" \/><\/p>\n","protected":false},"excerpt":{"rendered":"<p>El pr\u00f3ximo 25 de Julio, los sampedrinos celebraremos 111 a\u00f1os desde la Declaraci\u00f3n de Ciudad. Por tal motivo se invita a todos los comercios y empresas que lo deseen adherirse a las actividades planificadas tanto desde el sector p\u00fablico como privado. La propuesta consiste en acercarse a la fecha con alguna iniciativa que se pueda [&hellip;]<\/p>\n","protected":false},"author":4,"featured_media":36622,"comment_status":"open","ping_status":"closed","sticky":false,"template":"","format":"standard","meta":{"om_disable_all_campaigns":false,"_jetpack_memberships_contains_paid_content":false,"footnotes":""},"categories":[101,2],"tags":[],"class_list":["post-36621","post","type-post","status-publish","format-standard","has-post-thumbnail","hentry","category-interes-general-locales","category-locales"],"aioseo_notices":[],"gutentor_comment":0,"jetpack_featured_media_url":"https:\/\/eldiariodesanpedro.com.ar\/sitio\/wp-content\/uploads\/2018\/07\/SANPEDROCIUDAD1.jpg","jetpack_shortlink":"https:\/\/wp.me\/p6RhLt-9wF","jetpack_sharing_enabled":true,"_links":{"self":[{"href":"https:\/\/eldiariodesanpedro.com.ar\/sitio\/wp-json\/wp\/v2\/posts\/36621","targetHints":{"allow":["GET"]}}],"collection":[{"href":"https:\/\/eldiariodesanpedro.com.ar\/sitio\/wp-json\/wp\/v2\/posts"}],"about":[{"href":"https:\/\/eldiariodesanpedro.com.ar\/sitio\/wp-json\/wp\/v2\/types\/post"}],"author":[{"embeddable":true,"href":"https:\/\/eldiariodesanpedro.com.ar\/sitio\/wp-json\/wp\/v2\/users\/4"}],"replies":[{"embeddable":true,"href":"https:\/\/eldiariodesanpedro.com.ar\/sitio\/wp-json\/wp\/v2\/comments?post=36621"}],"version-history":[{"count":1,"href":"https:\/\/eldiariodesanpedro.com.ar\/sitio\/wp-json\/wp\/v2\/posts\/36621\/revisions"}],"predecessor-version":[{"id":36624,"href":"https:\/\/eldiariodesanpedro.com.ar\/sitio\/wp-json\/wp\/v2\/posts\/36621\/revisions\/36624"}],"wp:featuredmedia":[{"embeddable":true,"href":"https:\/\/eldiariodesanpedro.com.ar\/sitio\/wp-json\/wp\/v2\/media\/36622"}],"wp:attachment":[{"href":"https:\/\/eldiariodesanpedro.com.ar\/sitio\/wp-json\/wp\/v2\/media?parent=36621"}],"wp:term":[{"taxonomy":"category","embeddable":true,"href":"https:\/\/eldiariodesanpedro.com.ar\/sitio\/wp-json\/wp\/v2\/categories?post=36621"},{"taxonomy":"post_tag","embeddable":true,"href":"https:\/\/eldiariodesanpedro.com.ar\/sitio\/wp-json\/wp\/v2\/tags?post=36621"}],"curies":[{"name":"wp","href":"https:\/\/api.w.org\/{rel}","templated":true}]}}