{"id":36608,"date":"2018-07-17T11:05:23","date_gmt":"2018-07-17T14:05:23","guid":{"rendered":"https:\/\/eldiariodesanpedro.com.ar\/sitio\/?p=36608"},"modified":"2018-07-17T11:05:23","modified_gmt":"2018-07-17T14:05:23","slug":"campana-violenta-pelea-en-la-unidad-carcelaria-no-41-de-campana-un-muerto-y-tres-heridos","status":"publish","type":"post","link":"https:\/\/eldiariodesanpedro.com.ar\/sitio\/campana-violenta-pelea-en-la-unidad-carcelaria-no-41-de-campana-un-muerto-y-tres-heridos\/","title":{"rendered":"CAMPANA: Violenta pelea en la Unidad carcelaria N\u00ba 41 de Campana: un muerto y tres heridos"},"content":{"rendered":"<p><!-- VideographyWP Plugin Message: Automatic video embedding prevented by plugin options. --><br \/>\nUn violento incidente se registr\u00f3 en la tarde de este domingo, en la Unidad Penitenciaria N\u00ba 41 de Campana. Como resultado de un enfrentamiento entre internos, uno result\u00f3 muerto de tres pu\u00f1aladas y otros tres recibieron heridas de distinta consideraci\u00f3n.<\/p>\n<p>Aunque no hubo versiones oficiales, trascendi\u00f3 que el hecho tuvo lugar alrededor de las 15:00 hs. de este domingo en el Pabell\u00f3n N\u00ba 3, cuando un numeroso grupo de reclusos se enfrentaron armados con elementos punzantes de fabricaci\u00f3n casera.<\/p>\n<p>Como consecuencia, uno result\u00f3 muerto tras haber recibido tres puntazos y otros tres sufrieron heridas varias, siendo hospitalizados.<\/p>\n<p>La v\u00edctima habr\u00eda sido identificada como Pablo Bracce.<\/p>\n","protected":false},"excerpt":{"rendered":"<p>Un violento incidente se registr\u00f3 en la tarde de este domingo, en la Unidad Penitenciaria N\u00ba 41 de Campana. Como resultado de un enfrentamiento entre internos, uno result\u00f3 muerto de tres pu\u00f1aladas y otros tres recibieron heridas de distinta consideraci\u00f3n. Aunque no hubo versiones oficiales, trascendi\u00f3 que el hecho tuvo lugar alrededor de las 15:00 [&hellip;]<\/p>\n","protected":false},"author":4,"featured_media":36609,"comment_status":"open","ping_status":"closed","sticky":false,"template":"","format":"standard","meta":{"om_disable_all_campaigns":false,"_jetpack_memberships_contains_paid_content":false,"footnotes":""},"categories":[621],"tags":[],"class_list":["post-36608","post","type-post","status-publish","format-standard","has-post-thumbnail","hentry","category-regionales"],"aioseo_notices":[],"gutentor_comment":0,"jetpack_featured_media_url":"https:\/\/eldiariodesanpedro.com.ar\/sitio\/wp-content\/uploads\/2018\/07\/Penal-Unidad-41-de-Campana_658x400.jpg","jetpack_shortlink":"https:\/\/wp.me\/p6RhLt-9ws","jetpack_sharing_enabled":true,"_links":{"self":[{"href":"https:\/\/eldiariodesanpedro.com.ar\/sitio\/wp-json\/wp\/v2\/posts\/36608","targetHints":{"allow":["GET"]}}],"collection":[{"href":"https:\/\/eldiariodesanpedro.com.ar\/sitio\/wp-json\/wp\/v2\/posts"}],"about":[{"href":"https:\/\/eldiariodesanpedro.com.ar\/sitio\/wp-json\/wp\/v2\/types\/post"}],"author":[{"embeddable":true,"href":"https:\/\/eldiariodesanpedro.com.ar\/sitio\/wp-json\/wp\/v2\/users\/4"}],"replies":[{"embeddable":true,"href":"https:\/\/eldiariodesanpedro.com.ar\/sitio\/wp-json\/wp\/v2\/comments?post=36608"}],"version-history":[{"count":1,"href":"https:\/\/eldiariodesanpedro.com.ar\/sitio\/wp-json\/wp\/v2\/posts\/36608\/revisions"}],"predecessor-version":[{"id":36610,"href":"https:\/\/eldiariodesanpedro.com.ar\/sitio\/wp-json\/wp\/v2\/posts\/36608\/revisions\/36610"}],"wp:featuredmedia":[{"embeddable":true,"href":"https:\/\/eldiariodesanpedro.com.ar\/sitio\/wp-json\/wp\/v2\/media\/36609"}],"wp:attachment":[{"href":"https:\/\/eldiariodesanpedro.com.ar\/sitio\/wp-json\/wp\/v2\/media?parent=36608"}],"wp:term":[{"taxonomy":"category","embeddable":true,"href":"https:\/\/eldiariodesanpedro.com.ar\/sitio\/wp-json\/wp\/v2\/categories?post=36608"},{"taxonomy":"post_tag","embeddable":true,"href":"https:\/\/eldiariodesanpedro.com.ar\/sitio\/wp-json\/wp\/v2\/tags?post=36608"}],"curies":[{"name":"wp","href":"https:\/\/api.w.org\/{rel}","templated":true}]}}