{"id":36605,"date":"2018-07-17T11:01:01","date_gmt":"2018-07-17T14:01:01","guid":{"rendered":"https:\/\/eldiariodesanpedro.com.ar\/sitio\/?p=36605"},"modified":"2018-07-17T11:01:01","modified_gmt":"2018-07-17T14:01:01","slug":"san-nicolas-comenzo-el-receso-de-invierno-y-el-conflicto-por-la-paritaria-docente-se-sigue-agravando","status":"publish","type":"post","link":"https:\/\/eldiariodesanpedro.com.ar\/sitio\/san-nicolas-comenzo-el-receso-de-invierno-y-el-conflicto-por-la-paritaria-docente-se-sigue-agravando\/","title":{"rendered":"SAN NICOL\u00c1S: Comenz\u00f3 el receso de invierno y el conflicto por la paritaria docente se sigue agravando"},"content":{"rendered":"<p><!-- VideographyWP Plugin Message: Automatic video embedding prevented by plugin options. --><br \/>\nLejos de encontrar una soluci\u00f3n y con m\u00e1s de 80 d\u00edas sin convocatoria por parte del gobierno hacia el sector de la educaci\u00f3n para discutir salarios, las posiciones se endurecen. Luego de una intimaci\u00f3n judicial, Vidal convoc\u00f3 a los gremios para el pr\u00f3ximo lunes. El Frente Gremial Docente ya hab\u00eda adelantado que no se reiniciar\u00edan las clases luego de las vacaciones. Adem\u00e1s denuncia recortes y hay varios reclamos vigentes.<\/p>\n<p>Comienza el receso de invierno en las escuelas y el conflicto por la paritaria docente sigue sin encontrar una soluci\u00f3n. En este contexto, la gobernadora Mar\u00eda Eugenia Vidal resolvi\u00f3 lanzar durante la presente jornada y la de ma\u00f1ana, capacitaciones `optativas\u00b4. Transcurren m\u00e1s de 80 d\u00edas sin convocatoria por parte del gobierno hacia el sector de la educaci\u00f3n para discutir salarios, las posiciones se endurecen. Luego de una intimaci\u00f3n judicial, la cartera a cargo de la mandataria bonaerense convoc\u00f3 a los gremios para el pr\u00f3ximo lunes. El Frente Gremial Docente ya hab\u00eda adelantado que no se reiniciar\u00edan las clases luego de las vacaciones. Adem\u00e1s denuncia recortes y hay varios reclamos.<\/p>\n<p>\u201cTodo el Frente de Unidad Docente tiene mandato de no inicio de clases luego del receso escolar debido a las m\u00faltiples situaciones de emergencia educativa que estamos viviendo en la provincia de Buenos Aires tales como los m\u00e1s de 80 d\u00edas sin llamado a paritarias. El gobierno se vio obligado a llamarnos por una intervenci\u00f3n judicial. La Gobernadora en vez de convocarnos lo antes posible, esta semana, para seguir discutiendo, prefiri\u00f3 hacerlo el lunes 23. Vamos con la expectativa de que nos haga una oferta digna de ser consultada con las bases. Tiene que ser alrededor de un 30 por ciento\u201d, explic\u00f3 la secretaria General de Suteba San Nicol\u00e1s Nancy Monti a EL NORTE.<\/p>\n<p>Encuesta y perfeccionamiento<br \/>\nMonti indic\u00f3 que el mandato de no reinicio de clases tras el receso que resolvieron los afiliados, se debe no s\u00f3lo a la cuesti\u00f3n salarial sino tambi\u00e9n a la trasformaci\u00f3n que se hizo con los Bachilleratos de Adultos. \u201cHan dejado compa\u00f1eros en disponibilidad que a\u00fan no saben cu\u00e1l ser\u00e1 su destino. Tambi\u00e9n por el traspaso de los Equipos de Orientaci\u00f3n Escolar al \u00e1mbito distrital. Incluso se expidieron los mismos miembros de los equipos e inspectores en contra de esa resoluci\u00f3n. Y ahora el nuevo embate que est\u00e1n realizando con las escuelas t\u00e9cnicas que es lo que significa un recorte de m\u00e1s de 1400 horas en los siete a\u00f1os de carrera\u201d, se\u00f1al\u00f3.<\/p>\n<p>\u201cHay que estar atentos porque por lo que nos enteramos, la Direcci\u00f3n de T\u00e9cnica va a enviar una consulta a directores y a profesores de T\u00e9cnica preguntando sobre algunas cuestiones. Seguramente para establecer alguna especie de trampa para querer hacernos parte del ajuste. Por eso decimos que no hay que completar esa consulta, esa encuesta. Estamos en contra de las encuesta. Ninguno de los ajustes, de las transformaciones que han hecho, de los supuestos cambios que quieren hacer fueron consultados a nadie. Son unilaterales, llegan a los distritos cuando ya est\u00e1n hechos\u201d, advirti\u00f3.<\/p>\n<p>Respecto de la capacitaci\u00f3n `optativa\u00b4 de hoy y ma\u00f1ana, dijo: \u201cNo hay que presentar constancias de no asistencia, como piden en algunos casos, porque no es obligatoria. Quisi\u00e9ramos que el gobierno se tome el perfeccionamiento como lo que es: una obligaci\u00f3n para el Estado, un derecho para los trabajadores. Queremos que se haga respetando un calendario y durante el a\u00f1o escolar para que toda la comunidad pueda estar presente\u201d.<\/p>\n<p>POR INFLACION SUPERIOR A LA PREVISTA<br \/>\nVidal dar\u00eda 15% a estatales en julio<br \/>\nTras reconocer que la inflaci\u00f3n de este a\u00f1o ser\u00e1 superior a la prevista, la gobernadora Mar\u00eda Eugenia Vidal har\u00e1 que el nivel de aumento salarial de los trabajadores estatales llegue al 15% en julio, con lo que se abrir\u00e1 la perspectiva de una nueva negociaci\u00f3n para la \u00faltima parte del a\u00f1o.<\/p>\n<p>Alcanzar el 15% con los salarios de julio implica adelantar la \u00faltima cuota de aumento, del 4%, que hab\u00eda sido prevista para los salarios de agosto en el acuerdo que firm\u00f3 la provincia con la Uni\u00f3n del Personal Civil de la Naci\u00f3n (UPCN) y Feggepba, que preve\u00eda una cuota del 7% que se pag\u00f3 en enero y dos de 4%, una para los salarios de mayo, que ya se pag\u00f3, y la de agosto.<\/p>\n<p>La medida ven\u00eda siendo evaluada por el gobierno desde hace unas semanas, pero fue acordada recientemente en un contacto informal del gobierno con los gremios. De todas maneras, reci\u00e9n ser\u00e1 formalizada en una nueva reuni\u00f3n oficial, para la que todav\u00eda no hay fecha. Aunque Feggepba y UPCN acordaron la suba, los estatales de ATE no firmaron la paritaria, como tampoco lo hicieron los m\u00e9dicos de CICOP ni lo judiciales de AJB, aunque en estos dos casos las negociaciones corren por una cuerda paralela.<\/p>\n<p>La se\u00f1al de Vidal consolida la perspectiva de una nueva negociaci\u00f3n para el segundo semestres, que eleve el porcentaje final de aumento para el a\u00f1o. Aunque a\u00fan no hay confirmaciones, esa segunda tanda de aumentos podr\u00eda rondar entre el 5 y el 6% en principio.<\/p>\n<p>A principios de esta semana, Vidal, al anunciar la reposici\u00f3n por tres meses de los descuentos para compras en supermercados del Bapro, reconoci\u00f3 que la inflaci\u00f3n ser\u00e1 mayor a la prevista y que afectar\u00e1 sobre todo a los alimentos. (DIB).<\/p>\n<p>Fuente: Diario El Norte<\/p>\n","protected":false},"excerpt":{"rendered":"<p>Lejos de encontrar una soluci\u00f3n y con m\u00e1s de 80 d\u00edas sin convocatoria por parte del gobierno hacia el sector de la educaci\u00f3n para discutir salarios, las posiciones se endurecen. Luego de una intimaci\u00f3n judicial, Vidal convoc\u00f3 a los gremios para el pr\u00f3ximo lunes. El Frente Gremial Docente ya hab\u00eda adelantado que no se reiniciar\u00edan [&hellip;]<\/p>\n","protected":false},"author":4,"featured_media":36606,"comment_status":"open","ping_status":"closed","sticky":false,"template":"","format":"standard","meta":{"om_disable_all_campaigns":false,"_jetpack_memberships_contains_paid_content":false,"footnotes":""},"categories":[621],"tags":[],"class_list":["post-36605","post","type-post","status-publish","format-standard","has-post-thumbnail","hentry","category-regionales"],"aioseo_notices":[],"gutentor_comment":0,"jetpack_featured_media_url":"https:\/\/eldiariodesanpedro.com.ar\/sitio\/wp-content\/uploads\/2018\/07\/elnorte5b4bf75fa2f5e_2-aula-vacia-5col.jpg","jetpack_shortlink":"https:\/\/wp.me\/p6RhLt-9wp","jetpack_sharing_enabled":true,"_links":{"self":[{"href":"https:\/\/eldiariodesanpedro.com.ar\/sitio\/wp-json\/wp\/v2\/posts\/36605","targetHints":{"allow":["GET"]}}],"collection":[{"href":"https:\/\/eldiariodesanpedro.com.ar\/sitio\/wp-json\/wp\/v2\/posts"}],"about":[{"href":"https:\/\/eldiariodesanpedro.com.ar\/sitio\/wp-json\/wp\/v2\/types\/post"}],"author":[{"embeddable":true,"href":"https:\/\/eldiariodesanpedro.com.ar\/sitio\/wp-json\/wp\/v2\/users\/4"}],"replies":[{"embeddable":true,"href":"https:\/\/eldiariodesanpedro.com.ar\/sitio\/wp-json\/wp\/v2\/comments?post=36605"}],"version-history":[{"count":1,"href":"https:\/\/eldiariodesanpedro.com.ar\/sitio\/wp-json\/wp\/v2\/posts\/36605\/revisions"}],"predecessor-version":[{"id":36607,"href":"https:\/\/eldiariodesanpedro.com.ar\/sitio\/wp-json\/wp\/v2\/posts\/36605\/revisions\/36607"}],"wp:featuredmedia":[{"embeddable":true,"href":"https:\/\/eldiariodesanpedro.com.ar\/sitio\/wp-json\/wp\/v2\/media\/36606"}],"wp:attachment":[{"href":"https:\/\/eldiariodesanpedro.com.ar\/sitio\/wp-json\/wp\/v2\/media?parent=36605"}],"wp:term":[{"taxonomy":"category","embeddable":true,"href":"https:\/\/eldiariodesanpedro.com.ar\/sitio\/wp-json\/wp\/v2\/categories?post=36605"},{"taxonomy":"post_tag","embeddable":true,"href":"https:\/\/eldiariodesanpedro.com.ar\/sitio\/wp-json\/wp\/v2\/tags?post=36605"}],"curies":[{"name":"wp","href":"https:\/\/api.w.org\/{rel}","templated":true}]}}