{"id":36601,"date":"2018-07-17T10:53:46","date_gmt":"2018-07-17T13:53:46","guid":{"rendered":"https:\/\/eldiariodesanpedro.com.ar\/sitio\/?p=36601"},"modified":"2018-07-17T10:55:07","modified_gmt":"2018-07-17T13:55:07","slug":"baradero-ya-es-la-cuarta-vez-que-entran-las-mismas-personas-aca-en-mi-comercio","status":"publish","type":"post","link":"https:\/\/eldiariodesanpedro.com.ar\/sitio\/baradero-ya-es-la-cuarta-vez-que-entran-las-mismas-personas-aca-en-mi-comercio\/","title":{"rendered":"BARADERO: \u201cYa es la cuarta vez que entran las mismas personas ac\u00e1 en mi comercio\u201d"},"content":{"rendered":"<p><!-- VideographyWP Plugin Message: Automatic video embedding prevented by plugin options. --><br \/>\nEl intento de robo fue el s\u00e1bado por la madrugada. Fue en la panader\u00eda ubicada en Mariano Moreno al 800. La polic\u00eda recibi\u00f3 un llamado que alertaba que hab\u00eda personas dentro del comercio. Al hacer una inspecci\u00f3n en el lugar encontraron los tres sujetos.<\/p>\n<p>Dentro del comercio encontraron un menor y dos mayores. Fueron detenidos porque hab\u00edan preparado bolsas con mercader\u00eda para ser robadas. Dos de ellos son los autores del robo de la carnicer\u00eda y la moto ocurridos d\u00edas atr\u00e1s. Jos\u00e9, su propietario, explic\u00f3 a Tu Radio que los delincuentes ingresaron por el techo. De hecho, los ladrones quitaron las chapas del techo para poder entrar.<\/p>\n<p>\u201cNo se alcanzaron a llevar la mercader\u00eda, pero que pasa, te sacan los sandwiches de miga de la heladera, te sacan los l\u00e1cteos, y no lo podes volver a poner, lo tenes que descartar\u201d<\/p>\n<p>Adem\u00e1s Jos\u00e9 cont\u00f3 \u201cpor lo que deduzco ya es la cuarta vez que entran las mismas personas ac\u00e1 en mi comercio. Cuando le robaron a El Colo, el d\u00eda anterior tambi\u00e9n me entraron a mi, tambi\u00e9n en Bar Italia, en un mont\u00f3n de lados (\u2026) el jueves a la noche tambi\u00e9n me hab\u00edan entrado, dos noches seguidas me entraron\u201d.<\/p>\n<p>Respecto de los robos anteriores, el propietario del comercio, relat\u00f3: \u201cEn febrero yo cerr\u00e9 de vacaciones y tambi\u00e9n me ingresaron por un extractor de aire que tengo en el sector donde cocino. Fui, hice la denuncia aunque muchas ganas no ten\u00eda porque fue el da\u00f1o nada mas porque plata no tengo, trabajo el d\u00eda a d\u00eda, lo poco que gano me lo llevan los impuestos y los alquileres. Ese d\u00eda hablamos sobre la c\u00e1mara y a la fecha de hoy estoy esperando que alguien de la municipalidad o de quien corresponda me venga a decir si funciona o no funciona (\u2026) creo que por esas c\u00e1maras estamos pagando todos, esa es mi impotencia. Que yo no pueda trabajar y no tenga protecci\u00f3n\u201d. Incluso agreg\u00f3 \u201cpara mi es una burla\u201c.<\/p>\n<p>Sobre el trabajo realizado por los efectivos policiales que aprehendieron a los sujetos dentro del local, Jos\u00e9 dijo \u201cla polic\u00eda de diez, se port\u00f3 veinte. Me protegi\u00f3, vine, hicieron su trabajo\u201d.<\/p>\n<p>Fuente: Tu Linea Directa<\/p>\n","protected":false},"excerpt":{"rendered":"<p>El intento de robo fue el s\u00e1bado por la madrugada. Fue en la panader\u00eda ubicada en Mariano Moreno al 800. La polic\u00eda recibi\u00f3 un llamado que alertaba que hab\u00eda personas dentro del comercio. Al hacer una inspecci\u00f3n en el lugar encontraron los tres sujetos. Dentro del comercio encontraron un menor y dos mayores. Fueron detenidos [&hellip;]<\/p>\n","protected":false},"author":4,"featured_media":36602,"comment_status":"open","ping_status":"closed","sticky":false,"template":"","format":"standard","meta":{"om_disable_all_campaigns":false,"_jetpack_memberships_contains_paid_content":false,"footnotes":""},"categories":[621],"tags":[],"class_list":["post-36601","post","type-post","status-publish","format-standard","has-post-thumbnail","hentry","category-regionales"],"aioseo_notices":[],"gutentor_comment":0,"jetpack_featured_media_url":"https:\/\/eldiariodesanpedro.com.ar\/sitio\/wp-content\/uploads\/2018\/07\/panaderia.jpg","jetpack_shortlink":"https:\/\/wp.me\/p6RhLt-9wl","jetpack_sharing_enabled":true,"_links":{"self":[{"href":"https:\/\/eldiariodesanpedro.com.ar\/sitio\/wp-json\/wp\/v2\/posts\/36601","targetHints":{"allow":["GET"]}}],"collection":[{"href":"https:\/\/eldiariodesanpedro.com.ar\/sitio\/wp-json\/wp\/v2\/posts"}],"about":[{"href":"https:\/\/eldiariodesanpedro.com.ar\/sitio\/wp-json\/wp\/v2\/types\/post"}],"author":[{"embeddable":true,"href":"https:\/\/eldiariodesanpedro.com.ar\/sitio\/wp-json\/wp\/v2\/users\/4"}],"replies":[{"embeddable":true,"href":"https:\/\/eldiariodesanpedro.com.ar\/sitio\/wp-json\/wp\/v2\/comments?post=36601"}],"version-history":[{"count":2,"href":"https:\/\/eldiariodesanpedro.com.ar\/sitio\/wp-json\/wp\/v2\/posts\/36601\/revisions"}],"predecessor-version":[{"id":36604,"href":"https:\/\/eldiariodesanpedro.com.ar\/sitio\/wp-json\/wp\/v2\/posts\/36601\/revisions\/36604"}],"wp:featuredmedia":[{"embeddable":true,"href":"https:\/\/eldiariodesanpedro.com.ar\/sitio\/wp-json\/wp\/v2\/media\/36602"}],"wp:attachment":[{"href":"https:\/\/eldiariodesanpedro.com.ar\/sitio\/wp-json\/wp\/v2\/media?parent=36601"}],"wp:term":[{"taxonomy":"category","embeddable":true,"href":"https:\/\/eldiariodesanpedro.com.ar\/sitio\/wp-json\/wp\/v2\/categories?post=36601"},{"taxonomy":"post_tag","embeddable":true,"href":"https:\/\/eldiariodesanpedro.com.ar\/sitio\/wp-json\/wp\/v2\/tags?post=36601"}],"curies":[{"name":"wp","href":"https:\/\/api.w.org\/{rel}","templated":true}]}}