{"id":366,"date":"2015-11-13T11:07:41","date_gmt":"2015-11-13T14:07:41","guid":{"rendered":"http:\/\/www.eldiariodesanpedro.com.ar\/?p=366"},"modified":"2015-11-13T11:07:41","modified_gmt":"2015-11-13T14:07:41","slug":"el-estado-islamico-golpeo-a-hezbollah-con-un-letal-atentado-en-beirut","status":"publish","type":"post","link":"https:\/\/eldiariodesanpedro.com.ar\/sitio\/el-estado-islamico-golpeo-a-hezbollah-con-un-letal-atentado-en-beirut\/","title":{"rendered":"El Estado Isl\u00e1mico golpe\u00f3 a Hezbollah con un letal atentado en Beirut"},"content":{"rendered":"<p><!-- VideographyWP Plugin Message: Automatic video embedding prevented by plugin options. --><br \/>\nEl atentado, el m\u00e1s mort\u00edfero en el L\u00edbano en a\u00f1os, se suma a varios otros cometidos en bastiones de Hezbollah desde que ese partido y milicia chi\u00edta empez\u00f3 a enviar combatientes a Siria, en 2013, para apoyar al gobierno del presidente Bashar Al Assad en su lucha contra el EI y otros grupos islamistas sunnitas.<br \/>\nEl ministro de Salud liban\u00e9s, Wael Abou Faour, en declaraciones desde el lugar del atentado, en el barrio de Burch Barachn, en el sur de Beirut, dijo que 41 personas murieron y m\u00e1s de 200 fueron heridos, muchos de los cuales se hallaban en condiciones cr\u00edticas.<br \/>\nSeg\u00fan la polic\u00eda, dos hombres que iban a pie hicieron estallar cinturones explosivos que llevaban consigo cerca de una mezquita y sobre una calle de tiendas y otros comercios de ese humilde barrio, habitado mayoritariamente por musulmanes de la rama chi\u00edta.<br \/>\nEl Ej\u00e9rcito y el ministro del Interior, Nuhad Mashnuk, dijeron que un \u00abtercer terrorista\u00bb muri\u00f3 en el lugar a causa de una de las explosiones antes de que pudiera detonar la bomba que \u00e9l portaba, inform\u00f3 la agencia de noticias EFE.<br \/>\nLas detonaciones ocurrieron con segundos de diferencia entre s\u00ed, y un centro comunitario chiita y una panader\u00eda fueron los edificios m\u00e1s da\u00f1ados, dijeron fuentes de seguridad. Cerca del sitio se encuentra un muy custodiado hospital administrado por Hezbollah, que no fue alcanzado por los estallidos, agregaron las fuentes.<br \/>\nAl reivindicar el atentado en un comunicado difundido por Internet, el EI dijo que uno de los estallidos fue provocado por una moto-bomba y el segundo por un suicida.<br \/>\n\u00abLos soldados del califato pudieron colocar una motocicleta explosiva en la calle Huseiniyah, en Burch Barachne, donde Hezbollah tiene su sede. Otro soldado con un cintur\u00f3n explosivo dio su vida. No nos calmaremos hasta que nos venguemos\u00bb, dijo la organizaci\u00f3n extremista.<br \/>\nEn otro comunicado, Hezbollah prometi\u00f3 continuar con su lucha contra los \u00abterroristas\u00bb y predijo una \u00ablarga guerra\u00bb contra sus enemigos.<br \/>\nLa zona donde ocurri\u00f3 el ataque es contigua al campamento de refugiados palestinos de Burch Barachne.<br \/>\nLa agencia de noticias estatal libanesa ANN identific\u00f3 a los tres atacantes muertos en el atentado como los palestinos Hamed Rachid al Balegh y Ammar Salem al Rayes, y sirio Jaled Ahmed al Jaled.<br \/>\nLa guerra en Siria, que seg\u00fan la ONU ya dej\u00f3 unos 250.000 muertos, comenz\u00f3 en 2011 con una revuelta popular contra Al Assad fuertemente reprimida que se agrav\u00f3 con la aparici\u00f3n de una insurgencia sunnita que busca derrocar al presidente.<br \/>\nCon el correr de los a\u00f1os, el conflicto enfrent\u00f3 a viejos rivales de la regi\u00f3n, fundamentalmente a Hezbollah e Ir\u00e1n, por un lado, y a Arabia Saudita, que respalda a los rebeldes, por otro.<br \/>\nArabia Saudita, la petromonarqu\u00eda absolutista y ultraconservadora sunnita, y su enemigo Ir\u00e1n, la principal potencia chiita del mundo, tambi\u00e9n apoyan a fuerzas pol\u00edticas opuestas en el L\u00edbano, que sufri\u00f3 su propia guerra civil desde 1975 a 1990 y donde a\u00fan son fuertes las rivalidades sectarias y religiosas.<br \/>\nEl primer ministro liban\u00e9s, Tamam Salam, decret\u00f3 ma\u00f1ana d\u00eda de duelo nacional, en el que se podr\u00e1n ver las banderas ondeando a media asta, mientras que las radios y las televisiones difundir\u00e1n m\u00fasica cl\u00e1sica y programas especiales.<br \/>\n\u00abEs un acto criminal injustificable\u00bb, afirm\u00f3 Salam, que tambi\u00e9n inst\u00f3 a todos los libaneses \u00aba la unidad y a la solidaridad\u00bb.<br \/>\nEl ex primer ministro Saad Hariri, l\u00edder de un bloque pol\u00edtico opuesto a Hezbollah y sus aliados, conden\u00f3 el atentado como un acto \u00abvil e injustificado\u00bb.<br \/>\nEntre julio de 2013 y febrero de 2014 se registraron nueve atentados con explosivos contra bastiones de Hezbollah en el L\u00edbano, la mayor\u00eda de los cuales fue reivindicado por grupos extremistas sunnitas.<br \/>\nEl m\u00e1s letal hasta ahora hab\u00eda sido uno cometido en el sur de Beirut en 2013, cuando 27 personas murieron por el estallido de un coche bomba en el barrio chiita de Rweiss.<br \/>\nEl atentado de hoy coincidi\u00f3 con la primera reuni\u00f3n del Parlamento liban\u00e9s en sesi\u00f3n plenaria en m\u00e1s de un a\u00f1o.<br \/>\nLa C\u00e1mara de Diputados decidi\u00f3 guardar un minuto de silencio como gesto de respeto hacia las v\u00edctimas antes de suspender la sesi\u00f3n.<br \/>\nEl L\u00edbano est\u00e1 sin presidente desde el 25 de mayo de 2014 por desavenencias entre los dos grupos que controlan el Parlamento, el del 14 y el del 8 de Marzo, uno contrario al gobierno sirio y el otro, encabezado por Hezbollah, favorable.<br \/>\nEl vac\u00edo presidencial y la par\u00e1lisis del Parlamento a la hora de tomar decisiones han generado otros problemas sociales, como una reciente crisis de la basura, que dio lugar a protestas populares en las calles del L\u00edbano hace dos meses.<\/p>\n","protected":false},"excerpt":{"rendered":"<p>El atentado, el m\u00e1s mort\u00edfero en el L\u00edbano en a\u00f1os, se suma a varios otros cometidos en bastiones de Hezbollah desde que ese partido y milicia chi\u00edta empez\u00f3 a enviar combatientes a Siria, en 2013, para apoyar al gobierno del presidente Bashar Al Assad en su lucha contra el EI y otros grupos islamistas sunnitas. [&hellip;]<\/p>\n","protected":false},"author":4,"featured_media":368,"comment_status":"open","ping_status":"closed","sticky":false,"template":"","format":"standard","meta":{"om_disable_all_campaigns":false,"_jetpack_memberships_contains_paid_content":false,"footnotes":""},"categories":[2],"tags":[],"class_list":["post-366","post","type-post","status-publish","format-standard","has-post-thumbnail","hentry","category-locales"],"aioseo_notices":[],"gutentor_comment":0,"jetpack_featured_media_url":"https:\/\/eldiariodesanpedro.com.ar\/sitio\/wp-content\/uploads\/2015\/11\/El-Estado-Isl\u00e1mico-golpe\u00f3-a-Hezbollah.jpg","jetpack_shortlink":"https:\/\/wp.me\/p6RhLt-5U","jetpack_sharing_enabled":true,"_links":{"self":[{"href":"https:\/\/eldiariodesanpedro.com.ar\/sitio\/wp-json\/wp\/v2\/posts\/366","targetHints":{"allow":["GET"]}}],"collection":[{"href":"https:\/\/eldiariodesanpedro.com.ar\/sitio\/wp-json\/wp\/v2\/posts"}],"about":[{"href":"https:\/\/eldiariodesanpedro.com.ar\/sitio\/wp-json\/wp\/v2\/types\/post"}],"author":[{"embeddable":true,"href":"https:\/\/eldiariodesanpedro.com.ar\/sitio\/wp-json\/wp\/v2\/users\/4"}],"replies":[{"embeddable":true,"href":"https:\/\/eldiariodesanpedro.com.ar\/sitio\/wp-json\/wp\/v2\/comments?post=366"}],"version-history":[{"count":1,"href":"https:\/\/eldiariodesanpedro.com.ar\/sitio\/wp-json\/wp\/v2\/posts\/366\/revisions"}],"predecessor-version":[{"id":369,"href":"https:\/\/eldiariodesanpedro.com.ar\/sitio\/wp-json\/wp\/v2\/posts\/366\/revisions\/369"}],"wp:featuredmedia":[{"embeddable":true,"href":"https:\/\/eldiariodesanpedro.com.ar\/sitio\/wp-json\/wp\/v2\/media\/368"}],"wp:attachment":[{"href":"https:\/\/eldiariodesanpedro.com.ar\/sitio\/wp-json\/wp\/v2\/media?parent=366"}],"wp:term":[{"taxonomy":"category","embeddable":true,"href":"https:\/\/eldiariodesanpedro.com.ar\/sitio\/wp-json\/wp\/v2\/categories?post=366"},{"taxonomy":"post_tag","embeddable":true,"href":"https:\/\/eldiariodesanpedro.com.ar\/sitio\/wp-json\/wp\/v2\/tags?post=366"}],"curies":[{"name":"wp","href":"https:\/\/api.w.org\/{rel}","templated":true}]}}