{"id":36589,"date":"2018-07-17T10:19:42","date_gmt":"2018-07-17T13:19:42","guid":{"rendered":"https:\/\/eldiariodesanpedro.com.ar\/sitio\/?p=36589"},"modified":"2018-07-17T11:23:47","modified_gmt":"2018-07-17T14:23:47","slug":"se-renovo-la-comision-directiva-del-sindicato-luz-y-fuerza","status":"publish","type":"post","link":"https:\/\/eldiariodesanpedro.com.ar\/sitio\/se-renovo-la-comision-directiva-del-sindicato-luz-y-fuerza\/","title":{"rendered":"Se renov\u00f3 la comisi\u00f3n directiva del Sindicato Luz y Fuerza"},"content":{"rendered":"<p><!-- VideographyWP Plugin Message: Automatic video embedding prevented by plugin options. --><br \/>\nEl pasado viernes 6 de Julio se realiz\u00f3 una cena en la sede del Sindicato Luz y Fuerza ubicado en calle Belgrano, en la que participaron los integrantes de las nuevas Comisiones Seccionales, Comisi\u00f3n de Jubilados y Administrador de Mansa Lyfe con motivo de poner en funciones al nuevo Secretariado del Sindicato, que tendr\u00e1 la responsabilidad de conducir el gremio desde julio del 2018 hasta el 4 de julio del 2022.<\/p>\n<p>En dicho acto se aprovech\u00f3 la oportunidad para realizarle un presente a los Compa\u00f1eros de la Comisi\u00f3n central que se acogieron al beneficio previsional durante el periodo 2014-2018.<\/p>\n<p>La nueva conducci\u00f3n est\u00e1 integrada por:<br \/>\nSECRETARIO GENERAL: SERGIO MARIO VERGARA<br \/>\nSUB SECRETARIO GENERAL: MIGUEL ANGEL VICTORERO<br \/>\nSECRETARIO DE ORGANIZACI\u00d3N Y ADMINISTRACION: JUAN JOSE OLIVI<br \/>\nSECRETARIO GREMIAL:EDGARDO GABRIEL CAMPAGNONI<br \/>\nSUB SECRETARIO GREMIAL: CARLOS HUGO CORNEJO<br \/>\nSUB SECRETARIO GREMIAL: CRISTIAN NICOLAS AREVALO<br \/>\nSECRETARIO DE HACIENDA: ANGEL OSCAR SILVA<br \/>\nSECRETARIO DE PREVISION SOCIAL: ANGEL VICENTE SILVA<br \/>\nSECRETARIO DE POLITICA ENERGETICA: DANIEL DURAN<br \/>\nSECRETARIO DE VIVIENDAS Y OBRAS: LUCAS MANUEL LARRABURO<br \/>\nSRIO. OBRAS SOCIALES, TURISMO Y DEPORTES: EMMANUEL OLMOS<br \/>\nSRIO. DE PRENSA, PROPAGANDA, CULTURA Y ACTAS: NESTOR FAVIO CESAREO<br \/>\nVOCAL 1\u00ba: DAIANA SILVA<br \/>\nVOCAL 2\u00ba: PABLO BARBI<br \/>\nVOCAL 3\u00ba: OMAR PALAVECINO<br \/>\nVOCAL 4\u00ba: JUAN JULIAN LARREA<br \/>\nVOCAL 5\u00ba: GUILLERMO RULLI<\/p>\n<p>REVISORES DE CUENTA<br \/>\nCARMEN BEATRIZ COMBA<br \/>\nMIGUEL ANGEL CEJAS<br \/>\nMARIA CELESTE GIMENEZ<\/p>\n","protected":false},"excerpt":{"rendered":"<p>El pasado viernes 6 de Julio se realiz\u00f3 una cena en la sede del Sindicato Luz y Fuerza ubicado en calle Belgrano, en la que participaron los integrantes de las nuevas Comisiones Seccionales, Comisi\u00f3n de Jubilados y Administrador de Mansa Lyfe con motivo de poner en funciones al nuevo Secretariado del Sindicato, que tendr\u00e1 la [&hellip;]<\/p>\n","protected":false},"author":4,"featured_media":36590,"comment_status":"open","ping_status":"closed","sticky":false,"template":"","format":"standard","meta":{"om_disable_all_campaigns":false,"_jetpack_memberships_contains_paid_content":false,"footnotes":""},"categories":[101,2],"tags":[],"class_list":["post-36589","post","type-post","status-publish","format-standard","has-post-thumbnail","hentry","category-interes-general-locales","category-locales"],"aioseo_notices":[],"gutentor_comment":0,"jetpack_featured_media_url":"https:\/\/eldiariodesanpedro.com.ar\/sitio\/wp-content\/uploads\/2018\/07\/image.png","jetpack_shortlink":"https:\/\/wp.me\/p6RhLt-9w9","jetpack_sharing_enabled":true,"_links":{"self":[{"href":"https:\/\/eldiariodesanpedro.com.ar\/sitio\/wp-json\/wp\/v2\/posts\/36589","targetHints":{"allow":["GET"]}}],"collection":[{"href":"https:\/\/eldiariodesanpedro.com.ar\/sitio\/wp-json\/wp\/v2\/posts"}],"about":[{"href":"https:\/\/eldiariodesanpedro.com.ar\/sitio\/wp-json\/wp\/v2\/types\/post"}],"author":[{"embeddable":true,"href":"https:\/\/eldiariodesanpedro.com.ar\/sitio\/wp-json\/wp\/v2\/users\/4"}],"replies":[{"embeddable":true,"href":"https:\/\/eldiariodesanpedro.com.ar\/sitio\/wp-json\/wp\/v2\/comments?post=36589"}],"version-history":[{"count":3,"href":"https:\/\/eldiariodesanpedro.com.ar\/sitio\/wp-json\/wp\/v2\/posts\/36589\/revisions"}],"predecessor-version":[{"id":36620,"href":"https:\/\/eldiariodesanpedro.com.ar\/sitio\/wp-json\/wp\/v2\/posts\/36589\/revisions\/36620"}],"wp:featuredmedia":[{"embeddable":true,"href":"https:\/\/eldiariodesanpedro.com.ar\/sitio\/wp-json\/wp\/v2\/media\/36590"}],"wp:attachment":[{"href":"https:\/\/eldiariodesanpedro.com.ar\/sitio\/wp-json\/wp\/v2\/media?parent=36589"}],"wp:term":[{"taxonomy":"category","embeddable":true,"href":"https:\/\/eldiariodesanpedro.com.ar\/sitio\/wp-json\/wp\/v2\/categories?post=36589"},{"taxonomy":"post_tag","embeddable":true,"href":"https:\/\/eldiariodesanpedro.com.ar\/sitio\/wp-json\/wp\/v2\/tags?post=36589"}],"curies":[{"name":"wp","href":"https:\/\/api.w.org\/{rel}","templated":true}]}}