{"id":36588,"date":"2018-07-17T10:20:34","date_gmt":"2018-07-17T13:20:34","guid":{"rendered":"https:\/\/eldiariodesanpedro.com.ar\/sitio\/?p=36588"},"modified":"2018-07-17T11:14:52","modified_gmt":"2018-07-17T14:14:52","slug":"robaron-un-celular-que-se-encontraba-dentro-de-un-auto-estacionado","status":"publish","type":"post","link":"https:\/\/eldiariodesanpedro.com.ar\/sitio\/robaron-un-celular-que-se-encontraba-dentro-de-un-auto-estacionado\/","title":{"rendered":"Robaron un tel\u00e9fono celular que se encontraba dentro de un auto estacionado"},"content":{"rendered":"<p><!-- VideographyWP Plugin Message: Automatic video embedding prevented by plugin options. --><br \/>\nEl hecho ocurri\u00f3 el domingo por la tarde, cuando un hombre de 47 a\u00f1os dej\u00f3 su veh\u00edculo estacionado sobre calle San Mart\u00edn para hacer un mandado.<\/p>\n<p>  Al volver, constat\u00f3 que malvivientes hab\u00edan sustra\u00eddo su tel\u00e9fono celular marca Samsung del interior del veh\u00edculo, sin ejercer violencia.<\/p>\n<p>  El tel\u00e9fono corresponde a una flota propiedad de la Municipalidad de San Pedro y, el hecho es investigado por la Fiscal\u00eda de turno.<\/p>\n","protected":false},"excerpt":{"rendered":"<p>El hecho ocurri\u00f3 el domingo por la tarde, cuando un hombre de 47 a\u00f1os dej\u00f3 su veh\u00edculo estacionado sobre calle San Mart\u00edn para hacer un mandado. Al volver, constat\u00f3 que malvivientes hab\u00edan sustra\u00eddo su tel\u00e9fono celular marca Samsung del interior del veh\u00edculo, sin ejercer violencia. El tel\u00e9fono corresponde a una flota propiedad de la Municipalidad [&hellip;]<\/p>\n","protected":false},"author":4,"featured_media":36591,"comment_status":"open","ping_status":"closed","sticky":false,"template":"","format":"standard","meta":{"om_disable_all_campaigns":false,"_jetpack_memberships_contains_paid_content":false,"footnotes":""},"categories":[2,103],"tags":[],"class_list":["post-36588","post","type-post","status-publish","format-standard","has-post-thumbnail","hentry","category-locales","category-policiales-locales"],"aioseo_notices":[],"gutentor_comment":0,"jetpack_featured_media_url":"https:\/\/eldiariodesanpedro.com.ar\/sitio\/wp-content\/uploads\/2018\/07\/robo.jpg","jetpack_shortlink":"https:\/\/wp.me\/p6RhLt-9w8","jetpack_sharing_enabled":true,"_links":{"self":[{"href":"https:\/\/eldiariodesanpedro.com.ar\/sitio\/wp-json\/wp\/v2\/posts\/36588","targetHints":{"allow":["GET"]}}],"collection":[{"href":"https:\/\/eldiariodesanpedro.com.ar\/sitio\/wp-json\/wp\/v2\/posts"}],"about":[{"href":"https:\/\/eldiariodesanpedro.com.ar\/sitio\/wp-json\/wp\/v2\/types\/post"}],"author":[{"embeddable":true,"href":"https:\/\/eldiariodesanpedro.com.ar\/sitio\/wp-json\/wp\/v2\/users\/4"}],"replies":[{"embeddable":true,"href":"https:\/\/eldiariodesanpedro.com.ar\/sitio\/wp-json\/wp\/v2\/comments?post=36588"}],"version-history":[{"count":2,"href":"https:\/\/eldiariodesanpedro.com.ar\/sitio\/wp-json\/wp\/v2\/posts\/36588\/revisions"}],"predecessor-version":[{"id":36616,"href":"https:\/\/eldiariodesanpedro.com.ar\/sitio\/wp-json\/wp\/v2\/posts\/36588\/revisions\/36616"}],"wp:featuredmedia":[{"embeddable":true,"href":"https:\/\/eldiariodesanpedro.com.ar\/sitio\/wp-json\/wp\/v2\/media\/36591"}],"wp:attachment":[{"href":"https:\/\/eldiariodesanpedro.com.ar\/sitio\/wp-json\/wp\/v2\/media?parent=36588"}],"wp:term":[{"taxonomy":"category","embeddable":true,"href":"https:\/\/eldiariodesanpedro.com.ar\/sitio\/wp-json\/wp\/v2\/categories?post=36588"},{"taxonomy":"post_tag","embeddable":true,"href":"https:\/\/eldiariodesanpedro.com.ar\/sitio\/wp-json\/wp\/v2\/tags?post=36588"}],"curies":[{"name":"wp","href":"https:\/\/api.w.org\/{rel}","templated":true}]}}