{"id":36586,"date":"2018-07-17T10:06:37","date_gmt":"2018-07-17T13:06:37","guid":{"rendered":"https:\/\/eldiariodesanpedro.com.ar\/sitio\/?p=36586"},"modified":"2018-07-17T11:13:31","modified_gmt":"2018-07-17T14:13:31","slug":"robaron-una-motocicleta-110cc","status":"publish","type":"post","link":"https:\/\/eldiariodesanpedro.com.ar\/sitio\/robaron-una-motocicleta-110cc\/","title":{"rendered":"Robaron una motocicleta 110 cc"},"content":{"rendered":"<p><!-- VideographyWP Plugin Message: Automatic video embedding prevented by plugin options. --><br \/>\nEl lunes por la tarde una joven de 23 a\u00f1os radic\u00f3 una denuncia en la Comisar\u00eda local, contando que, dej\u00f3 estacionada su motocicleta 110 cc en la vereda de su domicilio, ubicado sobre calle Roque S\u00e1enz Pe\u00f1a. Ingres\u00f3 a su casa y cuando sali\u00f3, constat\u00f3 que malvivientes le hab\u00edan sustra\u00eddo el rodado.<\/p>\n","protected":false},"excerpt":{"rendered":"<p>El lunes por la tarde una joven de 23 a\u00f1os radic\u00f3 una denuncia en la Comisar\u00eda local, contando que, dej\u00f3 estacionada su motocicleta 110 cc en la vereda de su domicilio, ubicado sobre calle Roque S\u00e1enz Pe\u00f1a. Ingres\u00f3 a su casa y cuando sali\u00f3, constat\u00f3 que malvivientes le hab\u00edan sustra\u00eddo el rodado.<\/p>\n","protected":false},"author":4,"featured_media":13372,"comment_status":"open","ping_status":"closed","sticky":false,"template":"","format":"standard","meta":{"om_disable_all_campaigns":false,"_jetpack_memberships_contains_paid_content":false,"footnotes":""},"categories":[2,103],"tags":[],"class_list":["post-36586","post","type-post","status-publish","format-standard","has-post-thumbnail","hentry","category-locales","category-policiales-locales"],"aioseo_notices":[],"gutentor_comment":0,"jetpack_featured_media_url":"https:\/\/eldiariodesanpedro.com.ar\/sitio\/wp-content\/uploads\/2017\/01\/Patrulla-4-e1485286120389.jpg","jetpack_shortlink":"https:\/\/wp.me\/p6RhLt-9w6","jetpack_sharing_enabled":true,"_links":{"self":[{"href":"https:\/\/eldiariodesanpedro.com.ar\/sitio\/wp-json\/wp\/v2\/posts\/36586","targetHints":{"allow":["GET"]}}],"collection":[{"href":"https:\/\/eldiariodesanpedro.com.ar\/sitio\/wp-json\/wp\/v2\/posts"}],"about":[{"href":"https:\/\/eldiariodesanpedro.com.ar\/sitio\/wp-json\/wp\/v2\/types\/post"}],"author":[{"embeddable":true,"href":"https:\/\/eldiariodesanpedro.com.ar\/sitio\/wp-json\/wp\/v2\/users\/4"}],"replies":[{"embeddable":true,"href":"https:\/\/eldiariodesanpedro.com.ar\/sitio\/wp-json\/wp\/v2\/comments?post=36586"}],"version-history":[{"count":2,"href":"https:\/\/eldiariodesanpedro.com.ar\/sitio\/wp-json\/wp\/v2\/posts\/36586\/revisions"}],"predecessor-version":[{"id":36615,"href":"https:\/\/eldiariodesanpedro.com.ar\/sitio\/wp-json\/wp\/v2\/posts\/36586\/revisions\/36615"}],"wp:featuredmedia":[{"embeddable":true,"href":"https:\/\/eldiariodesanpedro.com.ar\/sitio\/wp-json\/wp\/v2\/media\/13372"}],"wp:attachment":[{"href":"https:\/\/eldiariodesanpedro.com.ar\/sitio\/wp-json\/wp\/v2\/media?parent=36586"}],"wp:term":[{"taxonomy":"category","embeddable":true,"href":"https:\/\/eldiariodesanpedro.com.ar\/sitio\/wp-json\/wp\/v2\/categories?post=36586"},{"taxonomy":"post_tag","embeddable":true,"href":"https:\/\/eldiariodesanpedro.com.ar\/sitio\/wp-json\/wp\/v2\/tags?post=36586"}],"curies":[{"name":"wp","href":"https:\/\/api.w.org\/{rel}","templated":true}]}}