{"id":36583,"date":"2018-07-17T09:54:31","date_gmt":"2018-07-17T12:54:31","guid":{"rendered":"https:\/\/eldiariodesanpedro.com.ar\/sitio\/?p=36583"},"modified":"2018-07-17T11:12:26","modified_gmt":"2018-07-17T14:12:26","slug":"se-secuestro-una-moto-con-pedido-activo-desde-el-2016","status":"publish","type":"post","link":"https:\/\/eldiariodesanpedro.com.ar\/sitio\/se-secuestro-una-moto-con-pedido-activo-desde-el-2016\/","title":{"rendered":"Se secuestr\u00f3 una moto con pedido de secuestro activo desde el 2016"},"content":{"rendered":"<p><!-- VideographyWP Plugin Message: Automatic video embedding prevented by plugin options. --><br \/>\nEn el marco de un operativo policial, personal policial secuestr\u00f3 una motocicleta que registraba un pedido de secuestro activo desde el a\u00f1o 2016.<\/p>\n<p>  El operativo se realiz\u00f3 en la intersecci\u00f3n de Avenida Bvard. Moreno y calle Benefactora Sampedrina. All\u00ed, lo efectivos identificaron a un joven de 20 a\u00f1os que circulaba en una motocicleta 110 cc y que, al controlarla, corroboraron que el veh\u00edculo ten\u00eda un pedido de secuestro activo desde el a\u00f1o 2016 por el delito de hurto, a requerimiento de la Fiscal\u00eda local.<\/p>\n<p>  Para con el imputado, se cumplimentaron los recaudos legales y fue puesto en libertad; la motocicleta permanece secuestrada.<\/p>\n","protected":false},"excerpt":{"rendered":"<p>En el marco de un operativo policial, personal policial secuestr\u00f3 una motocicleta que registraba un pedido de secuestro activo desde el a\u00f1o 2016. El operativo se realiz\u00f3 en la intersecci\u00f3n de Avenida Bvard. Moreno y calle Benefactora Sampedrina. All\u00ed, lo efectivos identificaron a un joven de 20 a\u00f1os que circulaba en una motocicleta 110 cc [&hellip;]<\/p>\n","protected":false},"author":4,"featured_media":36584,"comment_status":"open","ping_status":"closed","sticky":false,"template":"","format":"standard","meta":{"om_disable_all_campaigns":false,"_jetpack_memberships_contains_paid_content":false,"footnotes":""},"categories":[2,103],"tags":[],"class_list":["post-36583","post","type-post","status-publish","format-standard","has-post-thumbnail","hentry","category-locales","category-policiales-locales"],"aioseo_notices":[],"gutentor_comment":0,"jetpack_featured_media_url":"https:\/\/eldiariodesanpedro.com.ar\/sitio\/wp-content\/uploads\/2018\/07\/moto-secuestrada-e1531832045224.jpeg","jetpack_shortlink":"https:\/\/wp.me\/p6RhLt-9w3","jetpack_sharing_enabled":true,"_links":{"self":[{"href":"https:\/\/eldiariodesanpedro.com.ar\/sitio\/wp-json\/wp\/v2\/posts\/36583","targetHints":{"allow":["GET"]}}],"collection":[{"href":"https:\/\/eldiariodesanpedro.com.ar\/sitio\/wp-json\/wp\/v2\/posts"}],"about":[{"href":"https:\/\/eldiariodesanpedro.com.ar\/sitio\/wp-json\/wp\/v2\/types\/post"}],"author":[{"embeddable":true,"href":"https:\/\/eldiariodesanpedro.com.ar\/sitio\/wp-json\/wp\/v2\/users\/4"}],"replies":[{"embeddable":true,"href":"https:\/\/eldiariodesanpedro.com.ar\/sitio\/wp-json\/wp\/v2\/comments?post=36583"}],"version-history":[{"count":2,"href":"https:\/\/eldiariodesanpedro.com.ar\/sitio\/wp-json\/wp\/v2\/posts\/36583\/revisions"}],"predecessor-version":[{"id":36614,"href":"https:\/\/eldiariodesanpedro.com.ar\/sitio\/wp-json\/wp\/v2\/posts\/36583\/revisions\/36614"}],"wp:featuredmedia":[{"embeddable":true,"href":"https:\/\/eldiariodesanpedro.com.ar\/sitio\/wp-json\/wp\/v2\/media\/36584"}],"wp:attachment":[{"href":"https:\/\/eldiariodesanpedro.com.ar\/sitio\/wp-json\/wp\/v2\/media?parent=36583"}],"wp:term":[{"taxonomy":"category","embeddable":true,"href":"https:\/\/eldiariodesanpedro.com.ar\/sitio\/wp-json\/wp\/v2\/categories?post=36583"},{"taxonomy":"post_tag","embeddable":true,"href":"https:\/\/eldiariodesanpedro.com.ar\/sitio\/wp-json\/wp\/v2\/tags?post=36583"}],"curies":[{"name":"wp","href":"https:\/\/api.w.org\/{rel}","templated":true}]}}