{"id":36581,"date":"2018-07-17T09:45:05","date_gmt":"2018-07-17T12:45:05","guid":{"rendered":"https:\/\/eldiariodesanpedro.com.ar\/sitio\/?p=36581"},"modified":"2018-07-17T11:17:19","modified_gmt":"2018-07-17T14:17:19","slug":"se-aprehende-al-autor-de-los-disparos-a-un-grupo-de-vecinos-en-gobernador-castro","status":"publish","type":"post","link":"https:\/\/eldiariodesanpedro.com.ar\/sitio\/se-aprehende-al-autor-de-los-disparos-a-un-grupo-de-vecinos-en-gobernador-castro\/","title":{"rendered":"Se aprehende al autor de los disparos a un grupo de vecinos en Gobernador Castro"},"content":{"rendered":"<p><!-- VideographyWP Plugin Message: Automatic video embedding prevented by plugin options. --><br \/>\nComo resultado de un importante operativo realizado el lunes por la tarde, personal policial de la Comisar\u00eda de San Pedro y del Destacamento de Gobernador Castro procedieron a la detenci\u00f3n de un joven de 23 a\u00f1os.<\/p>\n<p>  El aprehendido, oriundo de Gdor. Castro, est\u00e1 imputado por los delitos de abuso de arma \u2013 atentado contra la autoridad agravado, hechos en los que interviene la Fiscal\u00eda local.<\/p>\n<p>  Este sujeto, dispar\u00f3 contra un grupo de vecinos de la localidad que se encontraban en la v\u00eda p\u00fablica, el domingo pasado; se hab\u00eda escapado de la polic\u00eda luego del il\u00edcito.<\/p>\n<p>  La diligencia se realiz\u00f3 en un domicilio particular dentro del radio urbano de Gobernador Castro. El detenido permanece alojado en la Comisar\u00eda de nuestra ciudad.<\/p>\n","protected":false},"excerpt":{"rendered":"<p>Como resultado de un importante operativo realizado el lunes por la tarde, personal policial de la Comisar\u00eda de San Pedro y del Destacamento de Gobernador Castro procedieron a la detenci\u00f3n de un joven de 23 a\u00f1os. El aprehendido, oriundo de Gdor. Castro, est\u00e1 imputado por los delitos de abuso de arma \u2013 atentado contra la [&hellip;]<\/p>\n","protected":false},"author":4,"featured_media":30195,"comment_status":"open","ping_status":"closed","sticky":false,"template":"","format":"standard","meta":{"om_disable_all_campaigns":false,"_jetpack_memberships_contains_paid_content":false,"footnotes":""},"categories":[2,103],"tags":[],"class_list":["post-36581","post","type-post","status-publish","format-standard","has-post-thumbnail","hentry","category-locales","category-policiales-locales"],"aioseo_notices":[],"gutentor_comment":0,"jetpack_featured_media_url":"https:\/\/eldiariodesanpedro.com.ar\/sitio\/wp-content\/uploads\/2018\/03\/Aprehendido-y-ofuscado.jpg","jetpack_shortlink":"https:\/\/wp.me\/p6RhLt-9w1","jetpack_sharing_enabled":true,"_links":{"self":[{"href":"https:\/\/eldiariodesanpedro.com.ar\/sitio\/wp-json\/wp\/v2\/posts\/36581","targetHints":{"allow":["GET"]}}],"collection":[{"href":"https:\/\/eldiariodesanpedro.com.ar\/sitio\/wp-json\/wp\/v2\/posts"}],"about":[{"href":"https:\/\/eldiariodesanpedro.com.ar\/sitio\/wp-json\/wp\/v2\/types\/post"}],"author":[{"embeddable":true,"href":"https:\/\/eldiariodesanpedro.com.ar\/sitio\/wp-json\/wp\/v2\/users\/4"}],"replies":[{"embeddable":true,"href":"https:\/\/eldiariodesanpedro.com.ar\/sitio\/wp-json\/wp\/v2\/comments?post=36581"}],"version-history":[{"count":2,"href":"https:\/\/eldiariodesanpedro.com.ar\/sitio\/wp-json\/wp\/v2\/posts\/36581\/revisions"}],"predecessor-version":[{"id":36617,"href":"https:\/\/eldiariodesanpedro.com.ar\/sitio\/wp-json\/wp\/v2\/posts\/36581\/revisions\/36617"}],"wp:featuredmedia":[{"embeddable":true,"href":"https:\/\/eldiariodesanpedro.com.ar\/sitio\/wp-json\/wp\/v2\/media\/30195"}],"wp:attachment":[{"href":"https:\/\/eldiariodesanpedro.com.ar\/sitio\/wp-json\/wp\/v2\/media?parent=36581"}],"wp:term":[{"taxonomy":"category","embeddable":true,"href":"https:\/\/eldiariodesanpedro.com.ar\/sitio\/wp-json\/wp\/v2\/categories?post=36581"},{"taxonomy":"post_tag","embeddable":true,"href":"https:\/\/eldiariodesanpedro.com.ar\/sitio\/wp-json\/wp\/v2\/tags?post=36581"}],"curies":[{"name":"wp","href":"https:\/\/api.w.org\/{rel}","templated":true}]}}