{"id":36578,"date":"2018-07-17T09:24:56","date_gmt":"2018-07-17T12:24:56","guid":{"rendered":"https:\/\/eldiariodesanpedro.com.ar\/sitio\/?p=36578"},"modified":"2018-07-17T11:18:54","modified_gmt":"2018-07-17T14:18:54","slug":"se-recuperaron-siete-cajones-de-miel-que-fueron-robados-dias-atras","status":"publish","type":"post","link":"https:\/\/eldiariodesanpedro.com.ar\/sitio\/se-recuperaron-siete-cajones-de-miel-que-fueron-robados-dias-atras\/","title":{"rendered":"Se recuperaron siete cajones de miel que fueron robados d\u00edas atr\u00e1s"},"content":{"rendered":"<p><!-- VideographyWP Plugin Message: Automatic video embedding prevented by plugin options. --><br \/>\nD\u00edas atr\u00e1s, un productor local de miel fue una nueva v\u00edctima de robo, cuando delincuentes le sustrajeron varias alzas mieleras.<\/p>\n<p>  Luego de radicada la denuncia en la Comisar\u00eda local y de realizar las averiguaciones pertinentes, este lunes por la tarde personal policial realiz\u00f3 un allanamiento otorgado por la justicia ordinaria, en una vivienda ubicada sobre calle Laprida.<\/p>\n<p>  El procedimiento tuvo resultados positivos, logr\u00e1ndose recuperar siete cajones de miel.<\/p>\n<p>  El morador de la vivienda fue identificado y el hecho es investigado por la Fiscal\u00eda de turno de nuestra ciudad.<\/p>\n","protected":false},"excerpt":{"rendered":"<p>D\u00edas atr\u00e1s, un productor local de miel fue una nueva v\u00edctima de robo, cuando delincuentes le sustrajeron varias alzas mieleras. Luego de radicada la denuncia en la Comisar\u00eda local y de realizar las averiguaciones pertinentes, este lunes por la tarde personal policial realiz\u00f3 un allanamiento otorgado por la justicia ordinaria, en una vivienda ubicada sobre [&hellip;]<\/p>\n","protected":false},"author":4,"featured_media":36579,"comment_status":"open","ping_status":"closed","sticky":false,"template":"","format":"standard","meta":{"om_disable_all_campaigns":false,"_jetpack_memberships_contains_paid_content":false,"footnotes":""},"categories":[50,2,103],"tags":[],"class_list":["post-36578","post","type-post","status-publish","format-standard","has-post-thumbnail","hentry","category-destacadas","category-locales","category-policiales-locales"],"aioseo_notices":[],"gutentor_comment":0,"jetpack_featured_media_url":"https:\/\/eldiariodesanpedro.com.ar\/sitio\/wp-content\/uploads\/2018\/07\/alzas-mieleras-secuestradas.jpeg","jetpack_shortlink":"https:\/\/wp.me\/p6RhLt-9vY","jetpack_sharing_enabled":true,"_links":{"self":[{"href":"https:\/\/eldiariodesanpedro.com.ar\/sitio\/wp-json\/wp\/v2\/posts\/36578","targetHints":{"allow":["GET"]}}],"collection":[{"href":"https:\/\/eldiariodesanpedro.com.ar\/sitio\/wp-json\/wp\/v2\/posts"}],"about":[{"href":"https:\/\/eldiariodesanpedro.com.ar\/sitio\/wp-json\/wp\/v2\/types\/post"}],"author":[{"embeddable":true,"href":"https:\/\/eldiariodesanpedro.com.ar\/sitio\/wp-json\/wp\/v2\/users\/4"}],"replies":[{"embeddable":true,"href":"https:\/\/eldiariodesanpedro.com.ar\/sitio\/wp-json\/wp\/v2\/comments?post=36578"}],"version-history":[{"count":2,"href":"https:\/\/eldiariodesanpedro.com.ar\/sitio\/wp-json\/wp\/v2\/posts\/36578\/revisions"}],"predecessor-version":[{"id":36618,"href":"https:\/\/eldiariodesanpedro.com.ar\/sitio\/wp-json\/wp\/v2\/posts\/36578\/revisions\/36618"}],"wp:featuredmedia":[{"embeddable":true,"href":"https:\/\/eldiariodesanpedro.com.ar\/sitio\/wp-json\/wp\/v2\/media\/36579"}],"wp:attachment":[{"href":"https:\/\/eldiariodesanpedro.com.ar\/sitio\/wp-json\/wp\/v2\/media?parent=36578"}],"wp:term":[{"taxonomy":"category","embeddable":true,"href":"https:\/\/eldiariodesanpedro.com.ar\/sitio\/wp-json\/wp\/v2\/categories?post=36578"},{"taxonomy":"post_tag","embeddable":true,"href":"https:\/\/eldiariodesanpedro.com.ar\/sitio\/wp-json\/wp\/v2\/tags?post=36578"}],"curies":[{"name":"wp","href":"https:\/\/api.w.org\/{rel}","templated":true}]}}