{"id":36575,"date":"2018-07-17T08:47:56","date_gmt":"2018-07-17T11:47:56","guid":{"rendered":"https:\/\/eldiariodesanpedro.com.ar\/sitio\/?p=36575"},"modified":"2018-07-17T08:47:56","modified_gmt":"2018-07-17T11:47:56","slug":"pergamino-hallan-una-granada-frente-a-una-casa","status":"publish","type":"post","link":"https:\/\/eldiariodesanpedro.com.ar\/sitio\/pergamino-hallan-una-granada-frente-a-una-casa\/","title":{"rendered":"PERGAMINO: HALLAN UNA GRANADA FRENTE A UNA CASA"},"content":{"rendered":"<p><!-- VideographyWP Plugin Message: Automatic video embedding prevented by plugin options. --><br \/>\nLa aparici\u00f3n de un dispositivo explosivo gener\u00f3 preocupaci\u00f3n en los vecinos por el temor que estallara y por ese motivo convocaron a las autoridades para que lo desactivaran y cesar\u00e1n la situaci\u00f3n de potencial riesgo.<\/p>\n<p>La cuadra de Pico entre Espa\u00f1a y Guido estuvo cercada el domingo a la noche porque los moradores de una vivienda encontraron un artefacto explosivo y alertaron a la Polic\u00eda a trav\u00e9s del servicio de emergencias 911.<\/p>\n<p>Un hombre de 36 a\u00f1os alert\u00f3 a las autoridades y le dieron intervenci\u00f3n a la Comisar\u00eda Tercera; Comando de Patrulla; Polic\u00eda Cient\u00edfica y la brigada local de Bomberos de Polic\u00eda adem\u00e1s de una dotaci\u00f3n de la brigada rescatista voluntaria dde nuestra ciudad.<\/p>\n<p>El dispositivo es una granada FMK2 que el sub comisario Gonz\u00e1lez, perito en explosivos de la brigada de San Nicol\u00e1s, se encarg\u00f3 de desactivarla y guardarla en un contenedor especial para luego proceder a hacerla estallar en un espacio alejado de la zona urbana.<\/p>\n<p>Las actuaciones las hicieron en la Comisar\u00eda Tercera para la instrucci\u00f3n judicial en la Fiscal\u00eda 8 del fiscal Pablo Santamarina.<\/p>\n<p>Fuente: Pergamino Verdad<\/p>\n","protected":false},"excerpt":{"rendered":"<p>La aparici\u00f3n de un dispositivo explosivo gener\u00f3 preocupaci\u00f3n en los vecinos por el temor que estallara y por ese motivo convocaron a las autoridades para que lo desactivaran y cesar\u00e1n la situaci\u00f3n de potencial riesgo. La cuadra de Pico entre Espa\u00f1a y Guido estuvo cercada el domingo a la noche porque los moradores de una [&hellip;]<\/p>\n","protected":false},"author":4,"featured_media":36576,"comment_status":"open","ping_status":"closed","sticky":false,"template":"","format":"standard","meta":{"om_disable_all_campaigns":false,"_jetpack_memberships_contains_paid_content":false,"footnotes":""},"categories":[621],"tags":[],"class_list":["post-36575","post","type-post","status-publish","format-standard","has-post-thumbnail","hentry","category-regionales"],"aioseo_notices":[],"gutentor_comment":0,"jetpack_featured_media_url":"https:\/\/eldiariodesanpedro.com.ar\/sitio\/wp-content\/uploads\/2018\/07\/p-85.jpg","jetpack_shortlink":"https:\/\/wp.me\/p6RhLt-9vV","jetpack_sharing_enabled":true,"_links":{"self":[{"href":"https:\/\/eldiariodesanpedro.com.ar\/sitio\/wp-json\/wp\/v2\/posts\/36575","targetHints":{"allow":["GET"]}}],"collection":[{"href":"https:\/\/eldiariodesanpedro.com.ar\/sitio\/wp-json\/wp\/v2\/posts"}],"about":[{"href":"https:\/\/eldiariodesanpedro.com.ar\/sitio\/wp-json\/wp\/v2\/types\/post"}],"author":[{"embeddable":true,"href":"https:\/\/eldiariodesanpedro.com.ar\/sitio\/wp-json\/wp\/v2\/users\/4"}],"replies":[{"embeddable":true,"href":"https:\/\/eldiariodesanpedro.com.ar\/sitio\/wp-json\/wp\/v2\/comments?post=36575"}],"version-history":[{"count":1,"href":"https:\/\/eldiariodesanpedro.com.ar\/sitio\/wp-json\/wp\/v2\/posts\/36575\/revisions"}],"predecessor-version":[{"id":36577,"href":"https:\/\/eldiariodesanpedro.com.ar\/sitio\/wp-json\/wp\/v2\/posts\/36575\/revisions\/36577"}],"wp:featuredmedia":[{"embeddable":true,"href":"https:\/\/eldiariodesanpedro.com.ar\/sitio\/wp-json\/wp\/v2\/media\/36576"}],"wp:attachment":[{"href":"https:\/\/eldiariodesanpedro.com.ar\/sitio\/wp-json\/wp\/v2\/media?parent=36575"}],"wp:term":[{"taxonomy":"category","embeddable":true,"href":"https:\/\/eldiariodesanpedro.com.ar\/sitio\/wp-json\/wp\/v2\/categories?post=36575"},{"taxonomy":"post_tag","embeddable":true,"href":"https:\/\/eldiariodesanpedro.com.ar\/sitio\/wp-json\/wp\/v2\/tags?post=36575"}],"curies":[{"name":"wp","href":"https:\/\/api.w.org\/{rel}","templated":true}]}}