{"id":36567,"date":"2018-07-16T21:16:34","date_gmt":"2018-07-17T00:16:34","guid":{"rendered":"https:\/\/eldiariodesanpedro.com.ar\/sitio\/?p=36567"},"modified":"2026-01-24T00:11:24","modified_gmt":"2026-01-24T03:11:24","slug":"futbol-las-palmeras-y-mitre-no-se-sacaron-ventajas-en-el-partido-de-ida","status":"publish","type":"post","link":"https:\/\/eldiariodesanpedro.com.ar\/sitio\/futbol-las-palmeras-y-mitre-no-se-sacaron-ventajas-en-el-partido-de-ida\/","title":{"rendered":"F\u00daTBOL: Las Palmeras y Mitre no se sacaron ventajas en el partido de ida"},"content":{"rendered":"<p><!-- VideographyWP Plugin Message: Automatic video embedding prevented by plugin options. --><br \/>\n  En R\u00edo Tala se jug\u00f3 el partido de ida, final del Torneo Apertura Anual Clasificatorio \u201cJorge Santiso\u201d, Las Palmeras y Mitre los protagonistas y no pudieron sacarse ventajas culminando igualados 2 a 2. Un lleno total tuvo la cancha de Las Palmeras, mucho tiempo pas\u00f3 que no se ve\u00eda as\u00ed, un marco excepcional para una final de certamen. El partido estuvo acorde a la propuesta, cuatro goles y un final cerrado que s\u00f3lo podr\u00e1 modificar el partido revancha a jugarse el pr\u00f3ximo domingo en el Estadio Municipal. <\/p>\n<p>  En los primeros minutos lleg\u00f3 Las Palmeras con Nazareno G\u00f3mez y Joel Arriola con sendas maniobras peligrosas, teniendo un dominio el local que se diluyo con el gol de Mitre, a los 37 minutos una pelota parada lo habilita a Mattig, el tiro de este queda en un rebote corto y apareci\u00f3 el goleador Marcelo Rodr\u00edguez para poner la ventaja.<br \/>\n  Ya en el complemento, a s\u00f3lo 2m de iniciado, Maxi Perfume comete infracci\u00f3n dentro del \u00e1rea a Gast\u00f3n Garc\u00eda, determinando el \u00e1rbitro Horacio Arias que fue penal (discutido por la visita), traduciendo en gol Esteban Garc\u00eda.<br \/>\n  Mitre desde all\u00ed fue superior, le rindi\u00f3 frutos el ingreso de Naso, pasando Escobar al medio, con un remate de \u201cPancho\u201d Esp\u00edndola que rechaza El\u00edas Salom\u00f3n, le pega Mariano Mattig convirtiendo un golazo a los 53 minutos.<\/p>\n<p>  Claro est\u00e1 que nada estaba definido, Las Palmeras como local sale en busca de la igualdad, pero de contra Mitre era m\u00e1s claro, inclusive en una jugada en el \u00e1rea del local que reclamaron penal tras una mano y que podr\u00eda haber culminado en gol de Marcelo Rodr\u00edguez, pero a los 64 minutos Nazareno G\u00f3mez convirti\u00f3 un muy lindo gol desde tres cuartos de cancha, la clav\u00f3 en el \u00e1ngulo, poniendo la igualdad, luego definitiva. Ya en el final, con un resultado que era justicia por lo realizado por ambos, el \u201cPampa\u201d Garc\u00eda casi marca la diferencia con un tiro desde abajo del arco que se fue desviado. En la revancha se define todo.<\/p>\n<p><strong>S\u00edntesis<\/strong><br \/>\n<em>Las Palmeras 2 \u2013 Atl\u00e9tico Mitre 2<\/em><br \/>\nLas Palmeras: El\u00edas Salom\u00f3n, Enrique Hern\u00e1ndez, Luis Barreto, Gustavo Acosta (Enzo Dur\u00e1n), Miguel Velo, Esteban Garc\u00eda, Nazareno G\u00f3mez, Dar\u00edo Mart\u00ednez, Joel Arriola, Gast\u00f3n Garc\u00eda (Mat\u00edas Correa) y Sergio Torrens. DT: Javier Pistan. Relevos: Jerem\u00edas Garc\u00eda, H\u00e9ctor Giuliani y Jonathan Ojeda.<br \/>\nAtl\u00e9tico Mitre: Brian Chebeste, Lautaro Velasco, C\u00e9sar Gorbar\u00e1n, Maximiliano Perfume, Francisco Ramis, Valent\u00edn Escobar, Bautista Mallo (Franco Naso), Mateo G\u00f3mez (Juan Rodr\u00edguez), Marcelo Rodr\u00edguez, Francisco Esp\u00edndola (Lucas Bianchini) y Mariano Mattig. DT: Gustavo D\u00edaz. Relevos: Guido Parera e Iv\u00e1n Cardoso.<br \/>\nGoles: 37m Marcelo Rodr\u00edguez (M), 48m Esteban Garc\u00eda (LP) de tiro penal, 53m Mariano Mattig (M), 64m Nazareno G\u00f3mez (LP).<br \/>\n\u00c1rbitro: Horacio Arias<br \/>\nAsistentes: Joaqu\u00edn Gil y Damian Bertolini<br \/>\nCancha: Las Palmeras de R\u00edo Tala<\/p>\n","protected":false},"excerpt":{"rendered":"<p>En R\u00edo Tala se jug\u00f3 el partido de ida, final del Torneo Apertura Anual Clasificatorio \u201cJorge Santiso\u201d, Las Palmeras y Mitre los protagonistas y no pudieron sacarse ventajas culminando igualados 2 a 2. Un lleno total tuvo la cancha de Las Palmeras, mucho tiempo pas\u00f3 que no se ve\u00eda as\u00ed, un marco excepcional para una [&hellip;]<\/p>\n","protected":false},"author":4,"featured_media":35528,"comment_status":"open","ping_status":"closed","sticky":false,"template":"","format":"standard","meta":{"om_disable_all_campaigns":false,"_jetpack_memberships_contains_paid_content":false,"footnotes":""},"categories":[5],"tags":[],"class_list":["post-36567","post","type-post","status-publish","format-standard","has-post-thumbnail","hentry","category-deportes"],"aioseo_notices":[],"gutentor_comment":0,"jetpack_featured_media_url":"https:\/\/eldiariodesanpedro.com.ar\/sitio\/wp-content\/uploads\/2018\/06\/futbol-5.jpg","jetpack_shortlink":"https:\/\/wp.me\/p6RhLt-9vN","jetpack_sharing_enabled":true,"_links":{"self":[{"href":"https:\/\/eldiariodesanpedro.com.ar\/sitio\/wp-json\/wp\/v2\/posts\/36567","targetHints":{"allow":["GET"]}}],"collection":[{"href":"https:\/\/eldiariodesanpedro.com.ar\/sitio\/wp-json\/wp\/v2\/posts"}],"about":[{"href":"https:\/\/eldiariodesanpedro.com.ar\/sitio\/wp-json\/wp\/v2\/types\/post"}],"author":[{"embeddable":true,"href":"https:\/\/eldiariodesanpedro.com.ar\/sitio\/wp-json\/wp\/v2\/users\/4"}],"replies":[{"embeddable":true,"href":"https:\/\/eldiariodesanpedro.com.ar\/sitio\/wp-json\/wp\/v2\/comments?post=36567"}],"version-history":[{"count":2,"href":"https:\/\/eldiariodesanpedro.com.ar\/sitio\/wp-json\/wp\/v2\/posts\/36567\/revisions"}],"predecessor-version":[{"id":36569,"href":"https:\/\/eldiariodesanpedro.com.ar\/sitio\/wp-json\/wp\/v2\/posts\/36567\/revisions\/36569"}],"wp:featuredmedia":[{"embeddable":true,"href":"https:\/\/eldiariodesanpedro.com.ar\/sitio\/wp-json\/wp\/v2\/media\/35528"}],"wp:attachment":[{"href":"https:\/\/eldiariodesanpedro.com.ar\/sitio\/wp-json\/wp\/v2\/media?parent=36567"}],"wp:term":[{"taxonomy":"category","embeddable":true,"href":"https:\/\/eldiariodesanpedro.com.ar\/sitio\/wp-json\/wp\/v2\/categories?post=36567"},{"taxonomy":"post_tag","embeddable":true,"href":"https:\/\/eldiariodesanpedro.com.ar\/sitio\/wp-json\/wp\/v2\/tags?post=36567"}],"curies":[{"name":"wp","href":"https:\/\/api.w.org\/{rel}","templated":true}]}}