{"id":36556,"date":"2018-07-16T21:06:54","date_gmt":"2018-07-17T00:06:54","guid":{"rendered":"https:\/\/eldiariodesanpedro.com.ar\/sitio\/?p=36556"},"modified":"2018-07-16T21:06:54","modified_gmt":"2018-07-17T00:06:54","slug":"baradero-otra-vez-robaron-en-bar-italia-serian-los-mismos-delincuentes-que-en-la-carniceria-y-la-panaderia","status":"publish","type":"post","link":"https:\/\/eldiariodesanpedro.com.ar\/sitio\/baradero-otra-vez-robaron-en-bar-italia-serian-los-mismos-delincuentes-que-en-la-carniceria-y-la-panaderia\/","title":{"rendered":"BARADERO, Otra vez robaron en Bar Italia: ser\u00edan los mismos delincuentes que en la carnicer\u00eda y la panader\u00eda"},"content":{"rendered":"<p><!-- VideographyWP Plugin Message: Automatic video embedding prevented by plugin options. --><br \/>\n  Fue este domingo y es la tercera vez en las \u00faltimas semanas que ingresan al comercio. Gracias al aviso de una vecina, el propietario pudo perseguir a uno de los ladrones y fue aprehendido por la polic\u00eda. Afirma que son los mismos delincuentes que ingresaron a la carnicer\u00eda El Colo y a la panader\u00eda de Mariano Moreno al 800. El ladr\u00f3n ya est\u00e1 en libertad nuevamente. Leonel, due\u00f1o del comercio, brind\u00f3 su testimonio en Contacto Directo. \u201cEstoy acobardado\u201d expres\u00f3.<\/p>\n<p>  \u201cEsto no es vida\u201d afirm\u00f3 Leonel quien vivi\u00f3 una experiencia de m\u00e1xima tensi\u00f3n y luego se enter\u00f3 que todo fue en vano: el delincuente estaba en libertad nuevamente. Incluso cont\u00f3 que al acostarse, deja preparado su pantal\u00f3n y los botines del trabajo para poder salir m\u00e1s r\u00e1pido cuando lo llaman desde la empresa de alarma.<br \/>\n  Este domingo por la ma\u00f1ana, al llegar, una vecina le informa que vio salir corriendo al delincuente. Leonel, sin haber siquiera ingresado a su comercio, lo comenz\u00f3 a perseguir con su camioneta.<\/p>\n<p>  Relat\u00f3 que el ladr\u00f3n quiso ingresar a su vivienda, pero se cay\u00f3 por lo que continu\u00f3 escapando. En un determinado momento, Leonel se baj\u00f3 de su camioneta con un palo y el joven que persegu\u00eda se arroj\u00f3 por una bajada de la zona detr\u00e1s de su comercio.<\/p>\n<p>  \u201cLo aprehendieron porque no me mov\u00ed de ah\u00ed\u201d cont\u00f3 Leonel y remarc\u00f3 \u201cestoy acobardado\u201d. En esta oportunidad lograron robarle nuevamente dinero de la caja registradora y en una bolsa se hab\u00edan llevado botellas de champagne y vinos.<\/p>\n<p>  \u201cMe va a convenir dejar trescientos pesos pegados en el vidrio o la llave puesta para que no me rompan el vidrio o los candados\u201d.<\/p>\n<p>  Leonel afirm\u00f3 que fue la misma polic\u00eda la que le inform\u00f3 que se trata de los mismos ladrones que aprehendieron a bordo de una moto robada con la mercader\u00eda sustra\u00edda de la carnicer\u00eda El Colo, y quienes luego tambi\u00e9n fueron detenidos dentro de la panader\u00eda ubicada en Mariano Moreno al 800 cargando mercader\u00eda en bolsas.<\/p>\n<p>  Explic\u00f3 que, en el \u00faltimo intento de robo en su comercio, \u00e9l inform\u00f3 a la polic\u00eda que uno de los delincuentes meti\u00f3 un pie en la zanja que se encuentra detr\u00e1s de su comercio. En ese momento, un efectivo policial, le cont\u00f3 que hab\u00eda detenido en la zona a estos sujetos para identificarlos y que uno de ellos ten\u00eda su pie embarrado. En ese momento, no hab\u00eda pruebas de lo ocurrido.<\/p>\n<p>  El domingo por la tarde Leonel llam\u00f3 a la Comisar\u00eda y le informaron que quien hab\u00eda sido aprehendido ya estaba en libertad. Por tal motivo, subray\u00f3 \u201cse me cayeron los brazos, se me cay\u00f3 todo\u201d. \u201cLa violencia lleva a m\u00e1s violencia\u201d dijo respecto de su reacci\u00f3n de correr al ladr\u00f3n con un palo. De hecho, cont\u00f3 que \u201cse puso ciego\u201d y que \u00e9l no es una persona violenta.<\/p>\n","protected":false},"excerpt":{"rendered":"<p>Fue este domingo y es la tercera vez en las \u00faltimas semanas que ingresan al comercio. Gracias al aviso de una vecina, el propietario pudo perseguir a uno de los ladrones y fue aprehendido por la polic\u00eda. Afirma que son los mismos delincuentes que ingresaron a la carnicer\u00eda El Colo y a la panader\u00eda de [&hellip;]<\/p>\n","protected":false},"author":4,"featured_media":36557,"comment_status":"open","ping_status":"closed","sticky":false,"template":"","format":"standard","meta":{"om_disable_all_campaigns":false,"_jetpack_memberships_contains_paid_content":false,"footnotes":""},"categories":[621],"tags":[],"class_list":["post-36556","post","type-post","status-publish","format-standard","has-post-thumbnail","hentry","category-regionales"],"aioseo_notices":[],"gutentor_comment":0,"jetpack_featured_media_url":"https:\/\/eldiariodesanpedro.com.ar\/sitio\/wp-content\/uploads\/2018\/07\/baradero-Otra-vez-robaron-en-Bar-Italia.jpg","jetpack_shortlink":"https:\/\/wp.me\/p6RhLt-9vC","jetpack_sharing_enabled":true,"_links":{"self":[{"href":"https:\/\/eldiariodesanpedro.com.ar\/sitio\/wp-json\/wp\/v2\/posts\/36556","targetHints":{"allow":["GET"]}}],"collection":[{"href":"https:\/\/eldiariodesanpedro.com.ar\/sitio\/wp-json\/wp\/v2\/posts"}],"about":[{"href":"https:\/\/eldiariodesanpedro.com.ar\/sitio\/wp-json\/wp\/v2\/types\/post"}],"author":[{"embeddable":true,"href":"https:\/\/eldiariodesanpedro.com.ar\/sitio\/wp-json\/wp\/v2\/users\/4"}],"replies":[{"embeddable":true,"href":"https:\/\/eldiariodesanpedro.com.ar\/sitio\/wp-json\/wp\/v2\/comments?post=36556"}],"version-history":[{"count":1,"href":"https:\/\/eldiariodesanpedro.com.ar\/sitio\/wp-json\/wp\/v2\/posts\/36556\/revisions"}],"predecessor-version":[{"id":36559,"href":"https:\/\/eldiariodesanpedro.com.ar\/sitio\/wp-json\/wp\/v2\/posts\/36556\/revisions\/36559"}],"wp:featuredmedia":[{"embeddable":true,"href":"https:\/\/eldiariodesanpedro.com.ar\/sitio\/wp-json\/wp\/v2\/media\/36557"}],"wp:attachment":[{"href":"https:\/\/eldiariodesanpedro.com.ar\/sitio\/wp-json\/wp\/v2\/media?parent=36556"}],"wp:term":[{"taxonomy":"category","embeddable":true,"href":"https:\/\/eldiariodesanpedro.com.ar\/sitio\/wp-json\/wp\/v2\/categories?post=36556"},{"taxonomy":"post_tag","embeddable":true,"href":"https:\/\/eldiariodesanpedro.com.ar\/sitio\/wp-json\/wp\/v2\/tags?post=36556"}],"curies":[{"name":"wp","href":"https:\/\/api.w.org\/{rel}","templated":true}]}}