{"id":36549,"date":"2018-07-16T20:59:08","date_gmt":"2018-07-16T23:59:08","guid":{"rendered":"https:\/\/eldiariodesanpedro.com.ar\/sitio\/?p=36549"},"modified":"2018-07-16T21:01:00","modified_gmt":"2018-07-17T00:01:00","slug":"zarate-encuentran-sin-vida-a-una-joven-de-19-ano","status":"publish","type":"post","link":"https:\/\/eldiariodesanpedro.com.ar\/sitio\/zarate-encuentran-sin-vida-a-una-joven-de-19-ano\/","title":{"rendered":"Z\u00c1RATE: Encuentran sin vida a una joven de 19 a\u00f1os"},"content":{"rendered":"<p><!-- VideographyWP Plugin Message: Automatic video embedding prevented by plugin options. --><br \/>\nPasado el mediod\u00eda de este domingo se registr\u00f3 una triste noticia: una joven de 19 a\u00f1os tom\u00f3 la tremenda decisi\u00f3n de quitarse la vida en un domicilio cercano a calles Mitre y Pividal de Z\u00e1rate.<\/p>\n<p>  La v\u00edctima fue identificada como D\u00e9bora Yanet Urouro y, habr\u00eda tenido problemas familiares horas antes. Su cuerpo lo hall\u00f3 un familiar en una de las habitaciones, con signos de ahorcamiento.<br \/>\n  La causa est\u00e1 caratulada como averiguaci\u00f3n de causales de muerte y la autopsia ser\u00e1 esta en Campana.<br \/>\n  Se hizo presente el Comando Patrulla y Polic\u00eda Cient\u00edfica.<\/p>\n","protected":false},"excerpt":{"rendered":"<p>Pasado el mediod\u00eda de este domingo se registr\u00f3 una triste noticia: una joven de 19 a\u00f1os tom\u00f3 la tremenda decisi\u00f3n de quitarse la vida en un domicilio cercano a calles Mitre y Pividal de Z\u00e1rate. La v\u00edctima fue identificada como D\u00e9bora Yanet Urouro y, habr\u00eda tenido problemas familiares horas antes. Su cuerpo lo hall\u00f3 un [&hellip;]<\/p>\n","protected":false},"author":4,"featured_media":36553,"comment_status":"open","ping_status":"closed","sticky":false,"template":"","format":"standard","meta":{"om_disable_all_campaigns":false,"_jetpack_memberships_contains_paid_content":false,"footnotes":""},"categories":[621],"tags":[],"class_list":["post-36549","post","type-post","status-publish","format-standard","has-post-thumbnail","hentry","category-regionales"],"aioseo_notices":[],"gutentor_comment":0,"jetpack_featured_media_url":"https:\/\/eldiariodesanpedro.com.ar\/sitio\/wp-content\/uploads\/2018\/07\/policia-cientifica.jpg","jetpack_shortlink":"https:\/\/wp.me\/p6RhLt-9vv","jetpack_sharing_enabled":true,"_links":{"self":[{"href":"https:\/\/eldiariodesanpedro.com.ar\/sitio\/wp-json\/wp\/v2\/posts\/36549","targetHints":{"allow":["GET"]}}],"collection":[{"href":"https:\/\/eldiariodesanpedro.com.ar\/sitio\/wp-json\/wp\/v2\/posts"}],"about":[{"href":"https:\/\/eldiariodesanpedro.com.ar\/sitio\/wp-json\/wp\/v2\/types\/post"}],"author":[{"embeddable":true,"href":"https:\/\/eldiariodesanpedro.com.ar\/sitio\/wp-json\/wp\/v2\/users\/4"}],"replies":[{"embeddable":true,"href":"https:\/\/eldiariodesanpedro.com.ar\/sitio\/wp-json\/wp\/v2\/comments?post=36549"}],"version-history":[{"count":2,"href":"https:\/\/eldiariodesanpedro.com.ar\/sitio\/wp-json\/wp\/v2\/posts\/36549\/revisions"}],"predecessor-version":[{"id":36555,"href":"https:\/\/eldiariodesanpedro.com.ar\/sitio\/wp-json\/wp\/v2\/posts\/36549\/revisions\/36555"}],"wp:featuredmedia":[{"embeddable":true,"href":"https:\/\/eldiariodesanpedro.com.ar\/sitio\/wp-json\/wp\/v2\/media\/36553"}],"wp:attachment":[{"href":"https:\/\/eldiariodesanpedro.com.ar\/sitio\/wp-json\/wp\/v2\/media?parent=36549"}],"wp:term":[{"taxonomy":"category","embeddable":true,"href":"https:\/\/eldiariodesanpedro.com.ar\/sitio\/wp-json\/wp\/v2\/categories?post=36549"},{"taxonomy":"post_tag","embeddable":true,"href":"https:\/\/eldiariodesanpedro.com.ar\/sitio\/wp-json\/wp\/v2\/tags?post=36549"}],"curies":[{"name":"wp","href":"https:\/\/api.w.org\/{rel}","templated":true}]}}