{"id":36548,"date":"2018-07-16T20:56:26","date_gmt":"2018-07-16T23:56:26","guid":{"rendered":"https:\/\/eldiariodesanpedro.com.ar\/sitio\/?p=36548"},"modified":"2018-07-16T20:56:26","modified_gmt":"2018-07-16T23:56:26","slug":"zarate-secuestraron-golpearon-y-abusaron-de-una-mujer-de-27-anos","status":"publish","type":"post","link":"https:\/\/eldiariodesanpedro.com.ar\/sitio\/zarate-secuestraron-golpearon-y-abusaron-de-una-mujer-de-27-anos\/","title":{"rendered":"Z\u00c1RATE: Secuestraron, golpearon y abusaron de una mujer de 27 a\u00f1os"},"content":{"rendered":"<p><!-- VideographyWP Plugin Message: Automatic video embedding prevented by plugin options. --><br \/>\nEl hecho ocurri\u00f3 el viernes a la noche, s\u00e1bado de madrugada. Una mujer de 27 a\u00f1os sali\u00f3 con amigas a un boliche c\u00e9ntrico de Z\u00e1rate, pero a la salida, en un descuido, se perdieron de vista y qued\u00f3 sola.<\/p>\n<p>  La chica intent\u00f3 regresar a su casa sentido hacia barrio Villa Fox, pero a la altura de Castelli y Justa Lima not\u00f3 que una camioneta comenz\u00f3 a seguirla de cerca. Pocas cuadras despu\u00e9s, en Mitre y Justa Lima, comenzar\u00eda el calvario: varios hombres salieron del interior del veh\u00edculo, la tomaron del pelo y literalmente la secuestraron.<br \/>\n  Seg\u00fan los primeros trascendidos fue llevada a una vivienda en donde la golpearon e incluso abusaron. Cerca de las 17hs, liberada y en completo estado de shock, logr\u00f3 llegar hasta su casa cuando su familia ya estaba realizando la denuncia por averiguaci\u00f3n de paradero. De inmediato la trasladaron hacia el Hospital Virgen del Carmen para revisar su estado de salud.<\/p>\n<p>  Si bien hasta el momento no hay mucha m\u00e1s informaci\u00f3n, la causa est\u00e1 en plena etapa de investigaci\u00f3n.<\/p>\n","protected":false},"excerpt":{"rendered":"<p>El hecho ocurri\u00f3 el viernes a la noche, s\u00e1bado de madrugada. Una mujer de 27 a\u00f1os sali\u00f3 con amigas a un boliche c\u00e9ntrico de Z\u00e1rate, pero a la salida, en un descuido, se perdieron de vista y qued\u00f3 sola. La chica intent\u00f3 regresar a su casa sentido hacia barrio Villa Fox, pero a la altura [&hellip;]<\/p>\n","protected":false},"author":4,"featured_media":36551,"comment_status":"open","ping_status":"closed","sticky":false,"template":"","format":"standard","meta":{"om_disable_all_campaigns":false,"_jetpack_memberships_contains_paid_content":false,"footnotes":""},"categories":[621],"tags":[],"class_list":["post-36548","post","type-post","status-publish","format-standard","has-post-thumbnail","hentry","category-regionales"],"aioseo_notices":[],"gutentor_comment":0,"jetpack_featured_media_url":"https:\/\/eldiariodesanpedro.com.ar\/sitio\/wp-content\/uploads\/2018\/07\/zarate-noche-comisaria.jpg","jetpack_shortlink":"https:\/\/wp.me\/p6RhLt-9vu","jetpack_sharing_enabled":true,"_links":{"self":[{"href":"https:\/\/eldiariodesanpedro.com.ar\/sitio\/wp-json\/wp\/v2\/posts\/36548","targetHints":{"allow":["GET"]}}],"collection":[{"href":"https:\/\/eldiariodesanpedro.com.ar\/sitio\/wp-json\/wp\/v2\/posts"}],"about":[{"href":"https:\/\/eldiariodesanpedro.com.ar\/sitio\/wp-json\/wp\/v2\/types\/post"}],"author":[{"embeddable":true,"href":"https:\/\/eldiariodesanpedro.com.ar\/sitio\/wp-json\/wp\/v2\/users\/4"}],"replies":[{"embeddable":true,"href":"https:\/\/eldiariodesanpedro.com.ar\/sitio\/wp-json\/wp\/v2\/comments?post=36548"}],"version-history":[{"count":1,"href":"https:\/\/eldiariodesanpedro.com.ar\/sitio\/wp-json\/wp\/v2\/posts\/36548\/revisions"}],"predecessor-version":[{"id":36552,"href":"https:\/\/eldiariodesanpedro.com.ar\/sitio\/wp-json\/wp\/v2\/posts\/36548\/revisions\/36552"}],"wp:featuredmedia":[{"embeddable":true,"href":"https:\/\/eldiariodesanpedro.com.ar\/sitio\/wp-json\/wp\/v2\/media\/36551"}],"wp:attachment":[{"href":"https:\/\/eldiariodesanpedro.com.ar\/sitio\/wp-json\/wp\/v2\/media?parent=36548"}],"wp:term":[{"taxonomy":"category","embeddable":true,"href":"https:\/\/eldiariodesanpedro.com.ar\/sitio\/wp-json\/wp\/v2\/categories?post=36548"},{"taxonomy":"post_tag","embeddable":true,"href":"https:\/\/eldiariodesanpedro.com.ar\/sitio\/wp-json\/wp\/v2\/tags?post=36548"}],"curies":[{"name":"wp","href":"https:\/\/api.w.org\/{rel}","templated":true}]}}