{"id":36544,"date":"2018-07-16T20:52:53","date_gmt":"2018-07-16T23:52:53","guid":{"rendered":"https:\/\/eldiariodesanpedro.com.ar\/sitio\/?p=36544"},"modified":"2018-07-16T20:52:53","modified_gmt":"2018-07-16T23:52:53","slug":"por-ahora-no-habra-reemplazante-para-taurizano-en-la-secretaria-de-trabajo","status":"publish","type":"post","link":"https:\/\/eldiariodesanpedro.com.ar\/sitio\/por-ahora-no-habra-reemplazante-para-taurizano-en-la-secretaria-de-trabajo\/","title":{"rendered":"Por ahora no habr\u00e1 reemplazante para Taurizano en la Secretar\u00eda de Trabajo"},"content":{"rendered":"<p><!-- VideographyWP Plugin Message: Automatic video embedding prevented by plugin options. --><br \/>\nLa profesional dej\u00f3 el cargo en la delegaci\u00f3n San Pedro hace unas semanas atr\u00e1s, mientras tanto la Dra. D\u2019Ambrosio qued\u00f3 como titular de la cartera en forme interina.<\/p>\n<p>  Por directivas del Ministerio de Trabajo la Dra. Paula Taurizano se alej\u00f3 del cargo de delegada de la dependencia en nuestra ciudad. Despu\u00e9s de varios a\u00f1os de desempe\u00f1arse como titular del \u00e1rea fue depuesta sorpresivamente.<br \/>\n  Al tratarse de un puesto pol\u00edtico, r\u00e1pidamente comenzaron a sonar varios nombres para ocupar el cargo cesante, pero seg\u00fan trascendi\u00f3, por ahora no se nombrar\u00e1 a nadie y ser\u00e1n los mismos empleados que ven\u00edan desempe\u00f1\u00e1ndose en la delegaci\u00f3n quienes asuman la responsabilidad de hacerlo.<\/p>\n<p>  Mientras tanto, la Dra. Andrea D\u2019Ambrosio estar\u00e1 a cargo interinamente hasta bien sea oficializada en el puesto o se nombre a otro funcionario.  <\/p>\n<p>Fuente: San Pedro Informa<\/p>\n","protected":false},"excerpt":{"rendered":"<p>La profesional dej\u00f3 el cargo en la delegaci\u00f3n San Pedro hace unas semanas atr\u00e1s, mientras tanto la Dra. D\u2019Ambrosio qued\u00f3 como titular de la cartera en forme interina. Por directivas del Ministerio de Trabajo la Dra. Paula Taurizano se alej\u00f3 del cargo de delegada de la dependencia en nuestra ciudad. Despu\u00e9s de varios a\u00f1os de [&hellip;]<\/p>\n","protected":false},"author":4,"featured_media":36547,"comment_status":"open","ping_status":"closed","sticky":false,"template":"","format":"standard","meta":{"om_disable_all_campaigns":false,"_jetpack_memberships_contains_paid_content":false,"footnotes":""},"categories":[2,102],"tags":[],"class_list":["post-36544","post","type-post","status-publish","format-standard","has-post-thumbnail","hentry","category-locales","category-politica-locales"],"aioseo_notices":[],"gutentor_comment":0,"jetpack_featured_media_url":"https:\/\/eldiariodesanpedro.com.ar\/sitio\/wp-content\/uploads\/2018\/07\/secretaria-de-trabajo-san-pedro.jpg","jetpack_shortlink":"https:\/\/wp.me\/p6RhLt-9vq","jetpack_sharing_enabled":true,"_links":{"self":[{"href":"https:\/\/eldiariodesanpedro.com.ar\/sitio\/wp-json\/wp\/v2\/posts\/36544","targetHints":{"allow":["GET"]}}],"collection":[{"href":"https:\/\/eldiariodesanpedro.com.ar\/sitio\/wp-json\/wp\/v2\/posts"}],"about":[{"href":"https:\/\/eldiariodesanpedro.com.ar\/sitio\/wp-json\/wp\/v2\/types\/post"}],"author":[{"embeddable":true,"href":"https:\/\/eldiariodesanpedro.com.ar\/sitio\/wp-json\/wp\/v2\/users\/4"}],"replies":[{"embeddable":true,"href":"https:\/\/eldiariodesanpedro.com.ar\/sitio\/wp-json\/wp\/v2\/comments?post=36544"}],"version-history":[{"count":1,"href":"https:\/\/eldiariodesanpedro.com.ar\/sitio\/wp-json\/wp\/v2\/posts\/36544\/revisions"}],"predecessor-version":[{"id":36550,"href":"https:\/\/eldiariodesanpedro.com.ar\/sitio\/wp-json\/wp\/v2\/posts\/36544\/revisions\/36550"}],"wp:featuredmedia":[{"embeddable":true,"href":"https:\/\/eldiariodesanpedro.com.ar\/sitio\/wp-json\/wp\/v2\/media\/36547"}],"wp:attachment":[{"href":"https:\/\/eldiariodesanpedro.com.ar\/sitio\/wp-json\/wp\/v2\/media?parent=36544"}],"wp:term":[{"taxonomy":"category","embeddable":true,"href":"https:\/\/eldiariodesanpedro.com.ar\/sitio\/wp-json\/wp\/v2\/categories?post=36544"},{"taxonomy":"post_tag","embeddable":true,"href":"https:\/\/eldiariodesanpedro.com.ar\/sitio\/wp-json\/wp\/v2\/tags?post=36544"}],"curies":[{"name":"wp","href":"https:\/\/api.w.org\/{rel}","templated":true}]}}