{"id":36542,"date":"2018-07-16T20:47:03","date_gmt":"2018-07-16T23:47:03","guid":{"rendered":"https:\/\/eldiariodesanpedro.com.ar\/sitio\/?p=36542"},"modified":"2018-07-16T20:47:03","modified_gmt":"2018-07-16T23:47:03","slug":"rentas-realizo-controles-en-comercios-por-venta-ilegal-de-anteojos","status":"publish","type":"post","link":"https:\/\/eldiariodesanpedro.com.ar\/sitio\/rentas-realizo-controles-en-comercios-por-venta-ilegal-de-anteojos\/","title":{"rendered":"Rentas realiz\u00f3 controles en comercios por venta ilegal de anteojos"},"content":{"rendered":"<p><!-- VideographyWP Plugin Message: Automatic video embedding prevented by plugin options. --><br \/>\nSe llevaron a cabo el mi\u00e9rcoles pasado, en conjunto con el Colegio de \u00d3pticos de la provincia de Buenos Aires y personal de la Direcci\u00f3n de Rentas. Las mismas se llevaron a cabo con la finalidad de constatar infracciones y de intimar a aquellos comercios que vendan anteojos solares y pre-graduados.<\/p>\n<p>  Las inspecciones tuvieron como finalidad de constatar infracciones y de intimar a aquellos comercios que vendan anteojos solares y pre-graduados.<\/p>\n<p>  Por parte de la Municipalidad se inform\u00f3 a la comunidad que se continuar\u00e1n realizando dichas inspecciones a fin de regular la actividad.<\/p>\n","protected":false},"excerpt":{"rendered":"<p>Se llevaron a cabo el mi\u00e9rcoles pasado, en conjunto con el Colegio de \u00d3pticos de la provincia de Buenos Aires y personal de la Direcci\u00f3n de Rentas. Las mismas se llevaron a cabo con la finalidad de constatar infracciones y de intimar a aquellos comercios que vendan anteojos solares y pre-graduados. Las inspecciones tuvieron como [&hellip;]<\/p>\n","protected":false},"author":4,"featured_media":36545,"comment_status":"open","ping_status":"closed","sticky":false,"template":"","format":"standard","meta":{"om_disable_all_campaigns":false,"_jetpack_memberships_contains_paid_content":false,"footnotes":""},"categories":[2,103],"tags":[],"class_list":["post-36542","post","type-post","status-publish","format-standard","has-post-thumbnail","hentry","category-locales","category-policiales-locales"],"aioseo_notices":[],"gutentor_comment":0,"jetpack_featured_media_url":"https:\/\/eldiariodesanpedro.com.ar\/sitio\/wp-content\/uploads\/2018\/07\/venta-ilegal-anteojos.jpg","jetpack_shortlink":"https:\/\/wp.me\/p6RhLt-9vo","jetpack_sharing_enabled":true,"_links":{"self":[{"href":"https:\/\/eldiariodesanpedro.com.ar\/sitio\/wp-json\/wp\/v2\/posts\/36542","targetHints":{"allow":["GET"]}}],"collection":[{"href":"https:\/\/eldiariodesanpedro.com.ar\/sitio\/wp-json\/wp\/v2\/posts"}],"about":[{"href":"https:\/\/eldiariodesanpedro.com.ar\/sitio\/wp-json\/wp\/v2\/types\/post"}],"author":[{"embeddable":true,"href":"https:\/\/eldiariodesanpedro.com.ar\/sitio\/wp-json\/wp\/v2\/users\/4"}],"replies":[{"embeddable":true,"href":"https:\/\/eldiariodesanpedro.com.ar\/sitio\/wp-json\/wp\/v2\/comments?post=36542"}],"version-history":[{"count":1,"href":"https:\/\/eldiariodesanpedro.com.ar\/sitio\/wp-json\/wp\/v2\/posts\/36542\/revisions"}],"predecessor-version":[{"id":36546,"href":"https:\/\/eldiariodesanpedro.com.ar\/sitio\/wp-json\/wp\/v2\/posts\/36542\/revisions\/36546"}],"wp:featuredmedia":[{"embeddable":true,"href":"https:\/\/eldiariodesanpedro.com.ar\/sitio\/wp-json\/wp\/v2\/media\/36545"}],"wp:attachment":[{"href":"https:\/\/eldiariodesanpedro.com.ar\/sitio\/wp-json\/wp\/v2\/media?parent=36542"}],"wp:term":[{"taxonomy":"category","embeddable":true,"href":"https:\/\/eldiariodesanpedro.com.ar\/sitio\/wp-json\/wp\/v2\/categories?post=36542"},{"taxonomy":"post_tag","embeddable":true,"href":"https:\/\/eldiariodesanpedro.com.ar\/sitio\/wp-json\/wp\/v2\/tags?post=36542"}],"curies":[{"name":"wp","href":"https:\/\/api.w.org\/{rel}","templated":true}]}}