{"id":36534,"date":"2018-07-16T20:37:28","date_gmt":"2018-07-16T23:37:28","guid":{"rendered":"https:\/\/eldiariodesanpedro.com.ar\/sitio\/?p=36534"},"modified":"2018-07-16T20:37:28","modified_gmt":"2018-07-16T23:37:28","slug":"un-aprehendido-por-paradero-activo","status":"publish","type":"post","link":"https:\/\/eldiariodesanpedro.com.ar\/sitio\/un-aprehendido-por-paradero-activo\/","title":{"rendered":"Un aprehendido por paradero activo"},"content":{"rendered":"<p><!-- VideographyWP Plugin Message: Automatic video embedding prevented by plugin options. --><br \/>\nPersonal del Destacamento de Santa Luc\u00eda, en la tarde del domingo, procedi\u00f3 a la identificaci\u00f3n de un hombre de 39 a\u00f1os oriundo de la provincia de Entre R\u00edos, estableciendo que pose\u00eda un pedido de captura activo con fecha de alta 06 de octubre de 2016, solicitado por Juzgado Correccional N\u00ba 2.<\/p>\n<p>  En el mismo momento se procedi\u00f3 a su aprehensi\u00f3n del sujeto y su traslado a la dependencia policial para ser presentado ante la autoridad judicial que lo requiere.<\/p>\n","protected":false},"excerpt":{"rendered":"<p>Personal del Destacamento de Santa Luc\u00eda, en la tarde del domingo, procedi\u00f3 a la identificaci\u00f3n de un hombre de 39 a\u00f1os oriundo de la provincia de Entre R\u00edos, estableciendo que pose\u00eda un pedido de captura activo con fecha de alta 06 de octubre de 2016, solicitado por Juzgado Correccional N\u00ba 2. En el mismo momento [&hellip;]<\/p>\n","protected":false},"author":4,"featured_media":28826,"comment_status":"open","ping_status":"closed","sticky":false,"template":"","format":"standard","meta":{"om_disable_all_campaigns":false,"_jetpack_memberships_contains_paid_content":false,"footnotes":""},"categories":[2,103],"tags":[],"class_list":["post-36534","post","type-post","status-publish","format-standard","has-post-thumbnail","hentry","category-locales","category-policiales-locales"],"aioseo_notices":[],"gutentor_comment":0,"jetpack_featured_media_url":"https:\/\/eldiariodesanpedro.com.ar\/sitio\/wp-content\/uploads\/2018\/02\/detenido-4.jpg","jetpack_shortlink":"https:\/\/wp.me\/p6RhLt-9vg","jetpack_sharing_enabled":true,"_links":{"self":[{"href":"https:\/\/eldiariodesanpedro.com.ar\/sitio\/wp-json\/wp\/v2\/posts\/36534","targetHints":{"allow":["GET"]}}],"collection":[{"href":"https:\/\/eldiariodesanpedro.com.ar\/sitio\/wp-json\/wp\/v2\/posts"}],"about":[{"href":"https:\/\/eldiariodesanpedro.com.ar\/sitio\/wp-json\/wp\/v2\/types\/post"}],"author":[{"embeddable":true,"href":"https:\/\/eldiariodesanpedro.com.ar\/sitio\/wp-json\/wp\/v2\/users\/4"}],"replies":[{"embeddable":true,"href":"https:\/\/eldiariodesanpedro.com.ar\/sitio\/wp-json\/wp\/v2\/comments?post=36534"}],"version-history":[{"count":2,"href":"https:\/\/eldiariodesanpedro.com.ar\/sitio\/wp-json\/wp\/v2\/posts\/36534\/revisions"}],"predecessor-version":[{"id":36537,"href":"https:\/\/eldiariodesanpedro.com.ar\/sitio\/wp-json\/wp\/v2\/posts\/36534\/revisions\/36537"}],"wp:featuredmedia":[{"embeddable":true,"href":"https:\/\/eldiariodesanpedro.com.ar\/sitio\/wp-json\/wp\/v2\/media\/28826"}],"wp:attachment":[{"href":"https:\/\/eldiariodesanpedro.com.ar\/sitio\/wp-json\/wp\/v2\/media?parent=36534"}],"wp:term":[{"taxonomy":"category","embeddable":true,"href":"https:\/\/eldiariodesanpedro.com.ar\/sitio\/wp-json\/wp\/v2\/categories?post=36534"},{"taxonomy":"post_tag","embeddable":true,"href":"https:\/\/eldiariodesanpedro.com.ar\/sitio\/wp-json\/wp\/v2\/tags?post=36534"}],"curies":[{"name":"wp","href":"https:\/\/api.w.org\/{rel}","templated":true}]}}