{"id":36533,"date":"2018-07-16T20:37:11","date_gmt":"2018-07-16T23:37:11","guid":{"rendered":"https:\/\/eldiariodesanpedro.com.ar\/sitio\/?p=36533"},"modified":"2018-07-16T20:37:11","modified_gmt":"2018-07-16T23:37:11","slug":"robaron-una-motocicleta-yamaha-fz","status":"publish","type":"post","link":"https:\/\/eldiariodesanpedro.com.ar\/sitio\/robaron-una-motocicleta-yamaha-fz\/","title":{"rendered":"Robaron una motocicleta Yamaha FZ"},"content":{"rendered":"<p><!-- VideographyWP Plugin Message: Automatic video embedding prevented by plugin options. --><br \/>\n  Este domingo se recibi\u00f3 una denuncia en el destacamento de R\u00edo Tala, realizada por un ciudadano de 22 a\u00f1os de La Tosquera, quien en horas de la madrugada dej\u00f3 estacionada su motocicleta Yamaha FZ en el frente de un domicilio y, minutos m\u00e1s tarde, constat\u00f3 el faltante de la misma. <\/p>\n","protected":false},"excerpt":{"rendered":"<p>Este domingo se recibi\u00f3 una denuncia en el destacamento de R\u00edo Tala, realizada por un ciudadano de 22 a\u00f1os de La Tosquera, quien en horas de la madrugada dej\u00f3 estacionada su motocicleta Yamaha FZ en el frente de un domicilio y, minutos m\u00e1s tarde, constat\u00f3 el faltante de la misma.<\/p>\n","protected":false},"author":4,"featured_media":16988,"comment_status":"open","ping_status":"closed","sticky":false,"template":"","format":"standard","meta":{"om_disable_all_campaigns":false,"_jetpack_memberships_contains_paid_content":false,"footnotes":""},"categories":[2,103],"tags":[],"class_list":["post-36533","post","type-post","status-publish","format-standard","has-post-thumbnail","hentry","category-locales","category-policiales-locales"],"aioseo_notices":[],"gutentor_comment":0,"jetpack_featured_media_url":"https:\/\/eldiariodesanpedro.com.ar\/sitio\/wp-content\/uploads\/2017\/04\/DSC_0220-e1492514812154.jpg","jetpack_shortlink":"https:\/\/wp.me\/p6RhLt-9vf","jetpack_sharing_enabled":true,"_links":{"self":[{"href":"https:\/\/eldiariodesanpedro.com.ar\/sitio\/wp-json\/wp\/v2\/posts\/36533","targetHints":{"allow":["GET"]}}],"collection":[{"href":"https:\/\/eldiariodesanpedro.com.ar\/sitio\/wp-json\/wp\/v2\/posts"}],"about":[{"href":"https:\/\/eldiariodesanpedro.com.ar\/sitio\/wp-json\/wp\/v2\/types\/post"}],"author":[{"embeddable":true,"href":"https:\/\/eldiariodesanpedro.com.ar\/sitio\/wp-json\/wp\/v2\/users\/4"}],"replies":[{"embeddable":true,"href":"https:\/\/eldiariodesanpedro.com.ar\/sitio\/wp-json\/wp\/v2\/comments?post=36533"}],"version-history":[{"count":1,"href":"https:\/\/eldiariodesanpedro.com.ar\/sitio\/wp-json\/wp\/v2\/posts\/36533\/revisions"}],"predecessor-version":[{"id":36535,"href":"https:\/\/eldiariodesanpedro.com.ar\/sitio\/wp-json\/wp\/v2\/posts\/36533\/revisions\/36535"}],"wp:featuredmedia":[{"embeddable":true,"href":"https:\/\/eldiariodesanpedro.com.ar\/sitio\/wp-json\/wp\/v2\/media\/16988"}],"wp:attachment":[{"href":"https:\/\/eldiariodesanpedro.com.ar\/sitio\/wp-json\/wp\/v2\/media?parent=36533"}],"wp:term":[{"taxonomy":"category","embeddable":true,"href":"https:\/\/eldiariodesanpedro.com.ar\/sitio\/wp-json\/wp\/v2\/categories?post=36533"},{"taxonomy":"post_tag","embeddable":true,"href":"https:\/\/eldiariodesanpedro.com.ar\/sitio\/wp-json\/wp\/v2\/tags?post=36533"}],"curies":[{"name":"wp","href":"https:\/\/api.w.org\/{rel}","templated":true}]}}