{"id":36524,"date":"2018-07-16T11:05:32","date_gmt":"2018-07-16T14:05:32","guid":{"rendered":"https:\/\/eldiariodesanpedro.com.ar\/sitio\/?p=36524"},"modified":"2018-07-16T11:05:32","modified_gmt":"2018-07-16T14:05:32","slug":"se-presento-la-2-fiesta-de-la-naranja-de-ombligo","status":"publish","type":"post","link":"https:\/\/eldiariodesanpedro.com.ar\/sitio\/se-presento-la-2-fiesta-de-la-naranja-de-ombligo\/","title":{"rendered":"Se present\u00f3 la 2\u00b0 Fiesta de la Naranja de Ombligo"},"content":{"rendered":"<p><!-- VideographyWP Plugin Message: Automatic video embedding prevented by plugin options. --><br \/>\nEn el Sal\u00f3n de la Direcci\u00f3n de Turismo de la Municipalidad de San Pedro y con la participaci\u00f3n de representantes de todos los sectores vinculados con su organizaci\u00f3n, se present\u00f3 este lunes la 2\u00b0 edici\u00f3n de la Fiesta de la Naranja de Ombligo que tendr\u00e1 lugar el pr\u00f3ximo fin de semana en la Plazoleta Fray Cayetano Rodr\u00edguez. Despu\u00e9s de una exitosa primera edici\u00f3n, la propuesta se renueva con una mayor cantidad de participantes. Los organizadores coinciden en la importancia de respaldar esta iniciativa tan ligada a la historia de la producci\u00f3n sampedrina, para acompa\u00f1ar un momento en el que se intenta recuperar su din\u00e1mica y adem\u00e1s para regenerar alrededor de ella el atractivo tur\u00edstico que posee.<\/p>\n<p>A lo largo de la conferencia hablaron de las actividades que se desarrollaron durante el viernes 20, comenzando con una <\/p>\n<p>La apertura oficial de la fiesta ser\u00e1 el viernes con la 2\u00b0 edici\u00f3n de la Mesa de Citricultura y Fruticultura en el mismo sal\u00f3n y el resto de la agenda abierta al p\u00fablico ser\u00e1 en la Plazoleta Fray Cayetano Rodr\u00edguez<\/p>\n","protected":false},"excerpt":{"rendered":"<p>En el Sal\u00f3n de la Direcci\u00f3n de Turismo de la Municipalidad de San Pedro y con la participaci\u00f3n de representantes de todos los sectores vinculados con su organizaci\u00f3n, se present\u00f3 este lunes la 2\u00b0 edici\u00f3n de la Fiesta de la Naranja de Ombligo que tendr\u00e1 lugar el pr\u00f3ximo fin de semana en la Plazoleta Fray [&hellip;]<\/p>\n","protected":false},"author":4,"featured_media":36525,"comment_status":"open","ping_status":"closed","sticky":false,"template":"","format":"standard","meta":{"om_disable_all_campaigns":false,"_jetpack_memberships_contains_paid_content":false,"footnotes":""},"categories":[101,2],"tags":[],"class_list":["post-36524","post","type-post","status-publish","format-standard","has-post-thumbnail","hentry","category-interes-general-locales","category-locales"],"aioseo_notices":[],"gutentor_comment":0,"jetpack_featured_media_url":"https:\/\/eldiariodesanpedro.com.ar\/sitio\/wp-content\/uploads\/2018\/07\/pastedImage-5.png","jetpack_shortlink":"https:\/\/wp.me\/p6RhLt-9v6","jetpack_sharing_enabled":true,"_links":{"self":[{"href":"https:\/\/eldiariodesanpedro.com.ar\/sitio\/wp-json\/wp\/v2\/posts\/36524","targetHints":{"allow":["GET"]}}],"collection":[{"href":"https:\/\/eldiariodesanpedro.com.ar\/sitio\/wp-json\/wp\/v2\/posts"}],"about":[{"href":"https:\/\/eldiariodesanpedro.com.ar\/sitio\/wp-json\/wp\/v2\/types\/post"}],"author":[{"embeddable":true,"href":"https:\/\/eldiariodesanpedro.com.ar\/sitio\/wp-json\/wp\/v2\/users\/4"}],"replies":[{"embeddable":true,"href":"https:\/\/eldiariodesanpedro.com.ar\/sitio\/wp-json\/wp\/v2\/comments?post=36524"}],"version-history":[{"count":1,"href":"https:\/\/eldiariodesanpedro.com.ar\/sitio\/wp-json\/wp\/v2\/posts\/36524\/revisions"}],"predecessor-version":[{"id":36526,"href":"https:\/\/eldiariodesanpedro.com.ar\/sitio\/wp-json\/wp\/v2\/posts\/36524\/revisions\/36526"}],"wp:featuredmedia":[{"embeddable":true,"href":"https:\/\/eldiariodesanpedro.com.ar\/sitio\/wp-json\/wp\/v2\/media\/36525"}],"wp:attachment":[{"href":"https:\/\/eldiariodesanpedro.com.ar\/sitio\/wp-json\/wp\/v2\/media?parent=36524"}],"wp:term":[{"taxonomy":"category","embeddable":true,"href":"https:\/\/eldiariodesanpedro.com.ar\/sitio\/wp-json\/wp\/v2\/categories?post=36524"},{"taxonomy":"post_tag","embeddable":true,"href":"https:\/\/eldiariodesanpedro.com.ar\/sitio\/wp-json\/wp\/v2\/tags?post=36524"}],"curies":[{"name":"wp","href":"https:\/\/api.w.org\/{rel}","templated":true}]}}