{"id":36521,"date":"2018-07-16T09:40:10","date_gmt":"2018-07-16T12:40:10","guid":{"rendered":"https:\/\/eldiariodesanpedro.com.ar\/sitio\/?p=36521"},"modified":"2018-07-16T09:40:10","modified_gmt":"2018-07-16T12:40:10","slug":"los-nuevos-trabajadores-de-plastico-saladino-hace-tres-meses-que-no-le-pagan-el-sueldo","status":"publish","type":"post","link":"https:\/\/eldiariodesanpedro.com.ar\/sitio\/los-nuevos-trabajadores-de-plastico-saladino-hace-tres-meses-que-no-le-pagan-el-sueldo\/","title":{"rendered":"Los nuevos trabajadores de Pl\u00e1stico Saladino hace tres meses que no le pagan el sueldo"},"content":{"rendered":"<p><!-- VideographyWP Plugin Message: Automatic video embedding prevented by plugin options. --><br \/>\nRecordemos que hace varios meses se conoci\u00f3 la noticia de que en la empresa Plasticos Saladinos, ten\u00edan trabajadores en negro, viviendo en el lugar en p\u00e9simas condiciones, trabajadores de Misiones y de Venezuela que ni siquiera estaban documentados; en ese momento intervinieron todos los representantes de la CGT Regional San Pedro &#8211; Baradero junto con el Ministerio de Trabajo y hab\u00edan llegado a un acuerdo que se deber\u00eda cumplir en un mes.<\/p>\n<p>Este lunes despu\u00e9s de conocer la noticia de que los trabajadores de la misma hace tres meses hab\u00edan sido echados, bajo el compromiso de abonarles en tiempo y forma, nunca se cumpli\u00f3 lo firmado; ya el primer mes se les pago en cuotas de $300 o $400, y fueron acumulando deuda que hoy suma 30.000 pesos a cada trabajador.<\/p>\n<p>Esta ma\u00f1ana unos 15 llegaron con la decisi\u00f3n de tomar la planta, sin dejar ingresar a nadie , son nuevos empleados que fueron tomados hace tres meses y nunca les pagaron el sueldo, solo le van dando entre 2000 o 4000 pesos por mes, se encuentran en el interior aguardando reunirse con representantes de la CGT regional.<\/p>\n<p>El pasado 6 de junio el Intendente Cecilio Salazar junto con su hijo y Secretario de Coordinaci\u00f3n Ram\u00f3n Salazar estuvieron en la empresa de reciclado de bolsas del empresario sampedrino Saladino, destacando el funcionamiento de la misma y la importancia de invertir en fuentes de trabajo.<\/p>\n","protected":false},"excerpt":{"rendered":"<p>Recordemos que hace varios meses se conoci\u00f3 la noticia de que en la empresa Plasticos Saladinos, ten\u00edan trabajadores en negro, viviendo en el lugar en p\u00e9simas condiciones, trabajadores de Misiones y de Venezuela que ni siquiera estaban documentados; en ese momento intervinieron todos los representantes de la CGT Regional San Pedro &#8211; Baradero junto con [&hellip;]<\/p>\n","protected":false},"author":4,"featured_media":36522,"comment_status":"open","ping_status":"closed","sticky":false,"template":"","format":"standard","meta":{"om_disable_all_campaigns":false,"_jetpack_memberships_contains_paid_content":false,"footnotes":""},"categories":[50,2,103],"tags":[],"class_list":["post-36521","post","type-post","status-publish","format-standard","has-post-thumbnail","hentry","category-destacadas","category-locales","category-policiales-locales"],"aioseo_notices":[],"gutentor_comment":0,"jetpack_featured_media_url":"https:\/\/eldiariodesanpedro.com.ar\/sitio\/wp-content\/uploads\/2018\/07\/saladino-protesta.jpeg","jetpack_shortlink":"https:\/\/wp.me\/p6RhLt-9v3","jetpack_sharing_enabled":true,"_links":{"self":[{"href":"https:\/\/eldiariodesanpedro.com.ar\/sitio\/wp-json\/wp\/v2\/posts\/36521","targetHints":{"allow":["GET"]}}],"collection":[{"href":"https:\/\/eldiariodesanpedro.com.ar\/sitio\/wp-json\/wp\/v2\/posts"}],"about":[{"href":"https:\/\/eldiariodesanpedro.com.ar\/sitio\/wp-json\/wp\/v2\/types\/post"}],"author":[{"embeddable":true,"href":"https:\/\/eldiariodesanpedro.com.ar\/sitio\/wp-json\/wp\/v2\/users\/4"}],"replies":[{"embeddable":true,"href":"https:\/\/eldiariodesanpedro.com.ar\/sitio\/wp-json\/wp\/v2\/comments?post=36521"}],"version-history":[{"count":1,"href":"https:\/\/eldiariodesanpedro.com.ar\/sitio\/wp-json\/wp\/v2\/posts\/36521\/revisions"}],"predecessor-version":[{"id":36523,"href":"https:\/\/eldiariodesanpedro.com.ar\/sitio\/wp-json\/wp\/v2\/posts\/36521\/revisions\/36523"}],"wp:featuredmedia":[{"embeddable":true,"href":"https:\/\/eldiariodesanpedro.com.ar\/sitio\/wp-json\/wp\/v2\/media\/36522"}],"wp:attachment":[{"href":"https:\/\/eldiariodesanpedro.com.ar\/sitio\/wp-json\/wp\/v2\/media?parent=36521"}],"wp:term":[{"taxonomy":"category","embeddable":true,"href":"https:\/\/eldiariodesanpedro.com.ar\/sitio\/wp-json\/wp\/v2\/categories?post=36521"},{"taxonomy":"post_tag","embeddable":true,"href":"https:\/\/eldiariodesanpedro.com.ar\/sitio\/wp-json\/wp\/v2\/tags?post=36521"}],"curies":[{"name":"wp","href":"https:\/\/api.w.org\/{rel}","templated":true}]}}