{"id":36517,"date":"2018-07-16T09:15:47","date_gmt":"2018-07-16T12:15:47","guid":{"rendered":"https:\/\/eldiariodesanpedro.com.ar\/sitio\/?p=36517"},"modified":"2018-07-16T09:15:47","modified_gmt":"2018-07-16T12:15:47","slug":"robaron-una-tablet-del-interior-de-una-ambulancia","status":"publish","type":"post","link":"https:\/\/eldiariodesanpedro.com.ar\/sitio\/robaron-una-tablet-del-interior-de-una-ambulancia\/","title":{"rendered":"Robaron una Tablet del interior de una ambulancia"},"content":{"rendered":"<p><!-- VideographyWP Plugin Message: Automatic video embedding prevented by plugin options. --><br \/>\nEl d\u00eda domingo, un ciudadano de 49 a\u00f1os, m\u00e9dico de la ambulancia del CEM, denunci\u00f3 en la Dependencia Local, que al dirigirse a un traslado a la Cl\u00ednica San Pedro, al dejar sin llave el veh\u00edculo no quedando ninguna persona en la misma, constato al volver que delincuentes le hab\u00edan sustra\u00eddo una Tablet. <\/p>\n","protected":false},"excerpt":{"rendered":"<p>El d\u00eda domingo, un ciudadano de 49 a\u00f1os, m\u00e9dico de la ambulancia del CEM, denunci\u00f3 en la Dependencia Local, que al dirigirse a un traslado a la Cl\u00ednica San Pedro, al dejar sin llave el veh\u00edculo no quedando ninguna persona en la misma, constato al volver que delincuentes le hab\u00edan sustra\u00eddo una Tablet.<\/p>\n","protected":false},"author":4,"featured_media":36519,"comment_status":"open","ping_status":"closed","sticky":false,"template":"","format":"standard","meta":{"om_disable_all_campaigns":false,"_jetpack_memberships_contains_paid_content":false,"footnotes":""},"categories":[2,103],"tags":[],"class_list":["post-36517","post","type-post","status-publish","format-standard","has-post-thumbnail","hentry","category-locales","category-policiales-locales"],"aioseo_notices":[],"gutentor_comment":0,"jetpack_featured_media_url":"https:\/\/eldiariodesanpedro.com.ar\/sitio\/wp-content\/uploads\/2018\/07\/CEM-ambulancia.jpg","jetpack_shortlink":"https:\/\/wp.me\/p6RhLt-9uZ","jetpack_sharing_enabled":true,"_links":{"self":[{"href":"https:\/\/eldiariodesanpedro.com.ar\/sitio\/wp-json\/wp\/v2\/posts\/36517","targetHints":{"allow":["GET"]}}],"collection":[{"href":"https:\/\/eldiariodesanpedro.com.ar\/sitio\/wp-json\/wp\/v2\/posts"}],"about":[{"href":"https:\/\/eldiariodesanpedro.com.ar\/sitio\/wp-json\/wp\/v2\/types\/post"}],"author":[{"embeddable":true,"href":"https:\/\/eldiariodesanpedro.com.ar\/sitio\/wp-json\/wp\/v2\/users\/4"}],"replies":[{"embeddable":true,"href":"https:\/\/eldiariodesanpedro.com.ar\/sitio\/wp-json\/wp\/v2\/comments?post=36517"}],"version-history":[{"count":1,"href":"https:\/\/eldiariodesanpedro.com.ar\/sitio\/wp-json\/wp\/v2\/posts\/36517\/revisions"}],"predecessor-version":[{"id":36520,"href":"https:\/\/eldiariodesanpedro.com.ar\/sitio\/wp-json\/wp\/v2\/posts\/36517\/revisions\/36520"}],"wp:featuredmedia":[{"embeddable":true,"href":"https:\/\/eldiariodesanpedro.com.ar\/sitio\/wp-json\/wp\/v2\/media\/36519"}],"wp:attachment":[{"href":"https:\/\/eldiariodesanpedro.com.ar\/sitio\/wp-json\/wp\/v2\/media?parent=36517"}],"wp:term":[{"taxonomy":"category","embeddable":true,"href":"https:\/\/eldiariodesanpedro.com.ar\/sitio\/wp-json\/wp\/v2\/categories?post=36517"},{"taxonomy":"post_tag","embeddable":true,"href":"https:\/\/eldiariodesanpedro.com.ar\/sitio\/wp-json\/wp\/v2\/tags?post=36517"}],"curies":[{"name":"wp","href":"https:\/\/api.w.org\/{rel}","templated":true}]}}