{"id":36510,"date":"2018-07-15T21:11:19","date_gmt":"2018-07-16T00:11:19","guid":{"rendered":"https:\/\/eldiariodesanpedro.com.ar\/sitio\/?p=36510"},"modified":"2026-01-24T00:11:24","modified_gmt":"2026-01-24T03:11:24","slug":"baby-futbol-se-jugo-la-18-fecha-entra-en-receso-el-certamen-por-vacaciones-de-invierno-y-el-seleccionado-juega-en-san-nicolas","status":"publish","type":"post","link":"https:\/\/eldiariodesanpedro.com.ar\/sitio\/baby-futbol-se-jugo-la-18-fecha-entra-en-receso-el-certamen-por-vacaciones-de-invierno-y-el-seleccionado-juega-en-san-nicolas\/","title":{"rendered":"BABY F\u00daTBOL: Se jug\u00f3 la 18\u00b0 fecha. Entra en receso el certamen por vacaciones de invierno y el seleccionado juega en San Nicol\u00e1s"},"content":{"rendered":"<p><!-- VideographyWP Plugin Message: Automatic video embedding prevented by plugin options. --><br \/>\nCambiante son las posiciones del baby f\u00fatbol a tres jornadas del final, en cada categor\u00eda son varios los que luchan por coronarse en el Torneo Apertura de la Liga Infantil de San Pedro.<br \/>\n  Paran\u00e1 manda en 2011 y 2010, con escoltas de Baradero; Rivadavia y Atl\u00e9tico respectivamente a 2 unidades; la 2009 El Porvenir qued\u00f3 como \u00fanico puntero, seguido por Villa Igoillo.<br \/>\n  El Tanque es l\u00edder y el escolta El Porvenir en 2008; Mitre sigue en las dos m\u00e1s grandes, 2007  (segundo a 1 punto El Porvenir) y 2006, en esta \u00faltima cay\u00f3 su invicto ante Gral. San Mart\u00edn, el escolta.<\/p>\n<p><em>Resultados:<\/em><br \/>\n<img decoding=\"async\" data-attachment-id=\"36511\" data-permalink=\"https:\/\/eldiariodesanpedro.com.ar\/sitio\/baby-futbol-se-jugo-la-18-fecha-entra-en-receso-el-certamen-por-vacaciones-de-invierno-y-el-seleccionado-juega-en-san-nicolas\/info-16-07-resultados\/\" data-orig-file=\"https:\/\/eldiariodesanpedro.com.ar\/sitio\/wp-content\/uploads\/2018\/07\/info-16-07-resultados.jpg\" data-orig-size=\"552,342\" data-comments-opened=\"1\" data-image-meta=\"{&quot;aperture&quot;:&quot;0&quot;,&quot;credit&quot;:&quot;&quot;,&quot;camera&quot;:&quot;&quot;,&quot;caption&quot;:&quot;&quot;,&quot;created_timestamp&quot;:&quot;0&quot;,&quot;copyright&quot;:&quot;&quot;,&quot;focal_length&quot;:&quot;0&quot;,&quot;iso&quot;:&quot;0&quot;,&quot;shutter_speed&quot;:&quot;0&quot;,&quot;title&quot;:&quot;&quot;,&quot;orientation&quot;:&quot;0&quot;}\" data-image-title=\"info 16-07 resultados\" data-image-description=\"\" data-image-caption=\"\" data-large-file=\"https:\/\/eldiariodesanpedro.com.ar\/sitio\/wp-content\/uploads\/2018\/07\/info-16-07-resultados.jpg\" data-src=\"https:\/\/eldiariodesanpedro.com.ar\/sitio\/wp-content\/uploads\/2018\/07\/info-16-07-resultados.jpg\" alt=\"\" width=\"552\" height=\"342\" class=\"alignnone size-full wp-image-36511 lazyload\" data-srcset=\"https:\/\/eldiariodesanpedro.com.ar\/sitio\/wp-content\/uploads\/2018\/07\/info-16-07-resultados.jpg 552w, https:\/\/eldiariodesanpedro.com.ar\/sitio\/wp-content\/uploads\/2018\/07\/info-16-07-resultados-300x186.jpg 300w\" data-sizes=\"(max-width: 552px) 100vw, 552px\" src=\"data:image\/svg+xml;base64,PHN2ZyB3aWR0aD0iMSIgaGVpZ2h0PSIxIiB4bWxucz0iaHR0cDovL3d3dy53My5vcmcvMjAwMC9zdmciPjwvc3ZnPg==\" style=\"--smush-placeholder-width: 552px; --smush-placeholder-aspect-ratio: 552\/342;\" \/><\/p>\n<p><strong>Posiciones<\/strong><br \/>\n<strong>2011:<\/strong> Paran\u00e1 33, Rivadavia 31, Atl\u00e9tico 29, San Roque 27, Mitre 25, El Porvenir 24, Villa Igoillo 23, General San Mart\u00edn 23, Fundici\u00f3n 20, El Tanque 19, Independencia 18, Agricultores 18, Pescadores 16, Sportivo 15,  Los Andes 10, Def. Unidos 8, Castro FC 7, Am\u00e9rica 5, Independiente 4, Central C\u00f3rdoba 4, Costa Azul 1.<\/p>\n<p><strong>2010:<\/strong> Paran\u00e1 32, Atl\u00e9tico 30, Mitre 28, El Porvenir 27, General San Mart\u00edn 25, Sportivo 22, Villa Igoillo 21, Independencia 19, Rivadavia 18, San Roque 18, El Tanque 17, Agricultores 16, Fundici\u00f3n 12, Independiente 11, Los Andes 9, Dep. Alsina 8, Am\u00e9rica 6, Pescadores 4, Costa Azul 3, Def. Unidos 0.<\/p>\n<p><strong>2009:<\/strong> El Porvenir 29, Villa Igoillo 28, Mitre 27,  Paran\u00e1 27, Sportivo 26, General San Mart\u00edn 25, Central C\u00f3rdoba 24, Independencia 24, El Tanque 23, Agricultores 21, San Roque 18, Am\u00e9rica 17, Castro FC 14, Rivadavia 13, Dep. Alsina 13, Los Andes 11, Atl\u00e9tico 9, Fundici\u00f3n 9, Independiente 3, Def. Unidos 1, Pescadores 0. <\/p>\n<p><strong>2008:<\/strong> El Tanque 33, El Porvenir 31, General San Mart\u00edn 29, Am\u00e9rica 29, Mitre 28, Paran\u00e1 27, Central C\u00f3rdoba 23, Agricultores 22, San Roque 22, Sportivo 21, Pescadores 19, Fundici\u00f3n 18, Rivadavia 18, Los Andes 11, Dep. Alsina 11, Castro FC 11, Villa Igoillo 10, Costa Azul 9, Atl\u00e9tico 8, Def. Unidos 6, Independiente 5, Independencia 5. <\/p>\n<p><strong>2007:<\/strong> Mitre 34, El Porvenir 33, Sportivo 30, El Tanque 29, Paran\u00e1 26, San Roque 26, General San Mart\u00edn 24, Agricultores 21, Castro FC 20, Rivadavia 17, Independencia 17, Los Andes 15, Central C\u00f3rdoba 15, Def. Unidos 14, Fundici\u00f3n 14, Costa Azul 12, Villa Igoillo 11, Atl\u00e9tico 10, Pescadores 10, Independiente 9, Am\u00e9rica 5, Dep. Alsina 3.<\/p>\n<p><strong>2006:<\/strong> Mitre 34, General San Mart\u00edn 31, Paran\u00e1 31, El Porvenir 30, Sportivo 30, San Roque 26, El Tanque  26, Fundici\u00f3n 22, Villa Igoillo 21, Independencia 21, Rivadavia 19, Am\u00e9rica 19, Def. Unidos 16, Atl\u00e9tico 13, Costa Azul 13, Los Andes 11, Agricultores 10, Central C\u00f3rdoba 8, Dep. Alsina 6, Independiente 5, Castro FC 4, Pescadores 2.<\/p>\n<p><strong>Planteles<\/strong><br \/>\n  Los dos planteles que juegan el torneo de selecciones en san Nicol\u00e1s son las siguientes:<br \/>\nSelecci\u00f3n Roja<br \/>\nBautista L\u00f3pez Marcell (Paran\u00e1 FC)<br \/>\nValent\u00edn Correa (Paran\u00e1 FC)<br \/>\nEnzo Menegoni (Paran\u00e1 FC)<br \/>\nAlexis Jatil (Paran\u00e1 FC)<br \/>\nMart\u00edn Tagliatori (Mitre)<br \/>\nAgust\u00edn Campos (San Roque FC)<br \/>\nValent\u00edn Trezzini (San Roque FC)<br \/>\nLorenzo Ar\u00e9valo (Castro FC)<br \/>\nJuli\u00e1n Cerruti (Castro FC)<br \/>\nSantiago Unamuno (C. C\u00f3rdoba)<br \/>\nGenaro D\u00edaz (Los Andes)<br \/>\nAmaro Huesa (Los Andes)<br \/>\nDT: Jes\u00fas Campos<br \/>\nAC: Mart\u00edn Actis<br \/>\nSelecci\u00f3n Negra<br \/>\nBenjam\u00edn Fregenal (G. San Mart\u00edn)<br \/>\nEzequiel Parre\u00f1o (El Tanque)<br \/>\nAgust\u00edn Cabrera (Mitre)<br \/>\nJuan Scarfo (Mitre)<br \/>\nJuan Ferragut (Mitre)<br \/>\nBautista Rocha (Rivadavia)<br \/>\nKevin Carlevaris (San Roque FC)<br \/>\nJuli\u00e1n Oilher (El Porvenir)<br \/>\nGer\u00f3nimo Ceballos (El Porvenir)<br \/>\nMart\u00edn Soto (El Porvenir)<br \/>\nNahuel Far\u00edas (Fundici\u00f3n FC)<br \/>\nMarcos Brey (Sportivo)<br \/>\nDT: Leonardo Pedraza<br \/>\nAC: Emmanuel Pedraza<\/p>\n","protected":false},"excerpt":{"rendered":"<p>Cambiante son las posiciones del baby f\u00fatbol a tres jornadas del final, en cada categor\u00eda son varios los que luchan por coronarse en el Torneo Apertura de la Liga Infantil de San Pedro. Paran\u00e1 manda en 2011 y 2010, con escoltas de Baradero; Rivadavia y Atl\u00e9tico respectivamente a 2 unidades; la 2009 El Porvenir qued\u00f3 [&hellip;]<\/p>\n","protected":false},"author":4,"featured_media":28730,"comment_status":"open","ping_status":"closed","sticky":false,"template":"","format":"standard","meta":{"om_disable_all_campaigns":false,"_jetpack_memberships_contains_paid_content":false,"footnotes":""},"categories":[5],"tags":[],"class_list":["post-36510","post","type-post","status-publish","format-standard","has-post-thumbnail","hentry","category-deportes"],"aioseo_notices":[],"gutentor_comment":0,"jetpack_featured_media_url":"https:\/\/eldiariodesanpedro.com.ar\/sitio\/wp-content\/uploads\/2018\/02\/futbol-infatil.jpg","jetpack_shortlink":"https:\/\/wp.me\/p6RhLt-9uS","jetpack_sharing_enabled":true,"_links":{"self":[{"href":"https:\/\/eldiariodesanpedro.com.ar\/sitio\/wp-json\/wp\/v2\/posts\/36510","targetHints":{"allow":["GET"]}}],"collection":[{"href":"https:\/\/eldiariodesanpedro.com.ar\/sitio\/wp-json\/wp\/v2\/posts"}],"about":[{"href":"https:\/\/eldiariodesanpedro.com.ar\/sitio\/wp-json\/wp\/v2\/types\/post"}],"author":[{"embeddable":true,"href":"https:\/\/eldiariodesanpedro.com.ar\/sitio\/wp-json\/wp\/v2\/users\/4"}],"replies":[{"embeddable":true,"href":"https:\/\/eldiariodesanpedro.com.ar\/sitio\/wp-json\/wp\/v2\/comments?post=36510"}],"version-history":[{"count":1,"href":"https:\/\/eldiariodesanpedro.com.ar\/sitio\/wp-json\/wp\/v2\/posts\/36510\/revisions"}],"predecessor-version":[{"id":36512,"href":"https:\/\/eldiariodesanpedro.com.ar\/sitio\/wp-json\/wp\/v2\/posts\/36510\/revisions\/36512"}],"wp:featuredmedia":[{"embeddable":true,"href":"https:\/\/eldiariodesanpedro.com.ar\/sitio\/wp-json\/wp\/v2\/media\/28730"}],"wp:attachment":[{"href":"https:\/\/eldiariodesanpedro.com.ar\/sitio\/wp-json\/wp\/v2\/media?parent=36510"}],"wp:term":[{"taxonomy":"category","embeddable":true,"href":"https:\/\/eldiariodesanpedro.com.ar\/sitio\/wp-json\/wp\/v2\/categories?post=36510"},{"taxonomy":"post_tag","embeddable":true,"href":"https:\/\/eldiariodesanpedro.com.ar\/sitio\/wp-json\/wp\/v2\/tags?post=36510"}],"curies":[{"name":"wp","href":"https:\/\/api.w.org\/{rel}","templated":true}]}}