{"id":36504,"date":"2018-07-15T21:08:23","date_gmt":"2018-07-16T00:08:23","guid":{"rendered":"https:\/\/eldiariodesanpedro.com.ar\/sitio\/?p=36504"},"modified":"2026-01-24T00:11:24","modified_gmt":"2026-01-24T03:11:24","slug":"futbol-se-jugaron-los-partidos-de-ida-finales-de-inferiores","status":"publish","type":"post","link":"https:\/\/eldiariodesanpedro.com.ar\/sitio\/futbol-se-jugaron-los-partidos-de-ida-finales-de-inferiores\/","title":{"rendered":"F\u00daTBOL: Se jugaron los partidos de ida finales de inferiores"},"content":{"rendered":"<p><!-- VideographyWP Plugin Message: Automatic video embedding prevented by plugin options. --><br \/>\n  Durante la jornada del s\u00e1bado se disputaron los partidos de ida de las finales del torneo Apertura, siendo las s\u00edntesis en las siguientes:<\/p>\n<p><strong>Quinta divisi\u00f3n, final, partido de ida<\/strong><br \/>\n<em>Paran\u00e1 FC 1 &#8211; Independencia FC 1<\/em><\/p>\n<p>Paran\u00e1: Juan Fern\u00e1ndez, Bruno Marinelli, Alan Actis, Ramiro Berna, Giovanni Ramanzini, Bautista Camarasa, Valent\u00edn Gauna, Franco Cano, Thiago Bennazar, Mirco Zapata y Mart\u00edn Barrag\u00e1n. DT: Jorge Mantovani. Relevos: Nicol\u00e1s Trotta,  Franco Ben\u00edtez, Axel Ortega, Fabricio Macelli  y Gast\u00f3n Novo.<\/p>\n<p>Independencia FC: Ferm\u00edn Alderete, Alex Soto, Gianluca Balbuena, Franco Brienza, Valen\u00edn Moyano, benjam\u00edn Leiva, Israel melgar, Fabricio Fern\u00e1ndez, Camilo Rufach, Gast\u00f3n Abaca y Rodrigo Porcell. DT: M. Sandoval y P. Delgado. Relevos: Nahuel Dom\u00ednguez, Michael Kloster y Kevin Abaca.<br \/>\nGoles: Thiago Bennazar (Paran\u00e1) y Rodrigo Porcell (Independencia FC).<br \/>\n\u00c1rbitro: Juan Casco<\/p>\n<p><strong>Cuarta divisi\u00f3n, final, partido de ida<\/strong><br \/>\n<em>La Esperanza 2 -Paran\u00e1 FC 1<\/em><\/p>\n<p>La Esperanza: Santiago Gonz\u00e1lez, Santino Aguilar, Nahuel B\u00e1ez, El\u00edas Arzamend\u00eda,  Joaqu\u00edn Hunziquer, Ignacio Tod\u00f3n, Alexis Silva, Kevin Caballero, Valent\u00edn Ortiz, Juan Diego Pascual y Valent\u00edn Saucedo. DT: Walter Silva. Relevos: Rodrigo Franco, Juan Segundo Trotta, Gonzalo Rodriguez , Juli\u00e1n Monteggia y Leonel Velo.<\/p>\n<p>Paran\u00e1 FC: Juan Alcorta Vigne, Theo Ballerini, Mateo P\u00e9rez, Nicol\u00e1s Rold\u00e1n, Mijail Kropilniski,  Juan Acosta, Santiago P\u00e9rez, Geronimo Peralta, Nicol\u00e1s Valles, Facundo Siarra, y Michel Casco. DT: M. Castell\u00e1-M. Morello. Relevos: Alejandro Moreno, Francisco Moreno, Paul Salazar, Federico Laurino y Bruno Marinelli.<\/p>\n<p>Goles: Valent\u00edn Saucedo (LE), Valent\u00edn Ort\u00edz (LE), Facundo Siarra (P)<br \/>\n\u00c1rbitro: Agust\u00edn G\u00f3mez<br \/>\nCancha: La Esperanza<\/p>\n<p><strong>Tercera divisi\u00f3n, final, partido de ida<\/strong><br \/>\n<em>Agricultores Club 4-Mitre 0<\/em><\/p>\n<p>Agricultores: Tom\u00e1s Rufache Roccheti,  Mateo Albarrac\u00edn, Alexander Varela, Rodr\u00edguez, Hugo Varela, Jonathan Godoy, Benjam\u00edn Z\u00e1rate, Alexander Ben\u00edtez, Joaqu\u00edn Fonseca, Manuel Palavecino y Alan Figueroa. DT: Gerardo G\u00f3mez. Relevos: Benjam\u00edn Fontela, Adri\u00e1n Sir y H\u00e9ctor Ben\u00edtez.<\/p>\n<p>Mitre: Facundo Lencina, Axel Verd\u00fan, Yerim\u00e9n Sacc\u00e1, Alexis P\u00e9rez, Genaro Novaro, Manuel Butti, Agust\u00edn Torrens, Mat\u00edas Abraham, Ger\u00f3nimo Cabrera, Federico Barreto y Tom\u00e1s Piquioni. DT: Juan Cotino Borjes.<br \/>\nRelevos: Ignacio Pardo, Sim\u00f3n Berola, El\u00edas duzac, Franco Madariaga y Ramiro Hern\u00e1ndez.<\/p>\n<p>Goles: Joaqu\u00edn Fonseca x2, Palavecino de tiro penal y Alexander Ben\u00edtez (A).<br \/>\n\u00c1rbitro: Horacio Arias<br \/>\nCancha: Agricultores Club<\/p>\n<p><strong>Sub 21, final, partido de ida<\/strong><br \/>\n<em>La Esperanza 3 &#8211; Defensores Unidos 2<\/em><\/p>\n<p>La Esperanza: Alejo, Franchini, Sim\u00f3n Pereyra, Teo Reynoso, Tom\u00e1s Velo, Pedro D\u00e1valos, Sebasti\u00e1n C\u00e1ceres, Francisco Cort\u00e9s, Enzo Ojeda, M\u00e1ximo  Malacalza, Alex Leone y Alex Oliveto. Director t\u00e9cnico: Gerardo Biain. Relevos: Dami\u00e1n Pugliese, Alan Guerra, Franco Mart\u00ednez, Mateo Oliveto y Javier Di Napoli.<\/p>\n<p>Defensores Unidos: Mauricio Chaparro, Jorge G\u00f3mez, Carlos Chaparro, Juan Nouet, Pablo Palacios, Rafael Gorbar\u00e1n, Ezequiel Chaparro, Fabi\u00e1n Weis, Jos\u00e9 Chaparro, Walter Lineros y Salvador Sierra.   Director t\u00e9cnico: Gerardo Nouet. Relevos: Cristian Ferreyra, Sebasti\u00e1n Ojeda, Lucas Duarte, Mauricio Flores y Mart\u00edn Mart\u00ednez. <\/p>\n<p>Goles: Francisco Cort\u00e9s x2 y Sebasti\u00e1n C\u00e1ceres (LE), Jos\u00e9 Chaparro y Walter Lineros (CADU).<br \/>\n\u00c1rbitro: Dami\u00e1n Bertolini<br \/>\nCancha: La Esperanza<\/p>\n<p><img decoding=\"async\" data-attachment-id=\"36507\" data-permalink=\"https:\/\/eldiariodesanpedro.com.ar\/sitio\/futbol-se-jugaron-los-partidos-de-ida-finales-de-inferiores\/la-esperanza-cuarta-division\/\" data-orig-file=\"https:\/\/eldiariodesanpedro.com.ar\/sitio\/wp-content\/uploads\/2018\/07\/La-Esperanza-cuarta-divisi\u00f3n.jpg\" data-orig-size=\"1000,750\" data-comments-opened=\"1\" data-image-meta=\"{&quot;aperture&quot;:&quot;8&quot;,&quot;credit&quot;:&quot;&quot;,&quot;camera&quot;:&quot;FinePix S4000&quot;,&quot;caption&quot;:&quot;&quot;,&quot;created_timestamp&quot;:&quot;958086233&quot;,&quot;copyright&quot;:&quot;&quot;,&quot;focal_length&quot;:&quot;4.3&quot;,&quot;iso&quot;:&quot;64&quot;,&quot;shutter_speed&quot;:&quot;0.0125&quot;,&quot;title&quot;:&quot;&quot;,&quot;orientation&quot;:&quot;0&quot;}\" data-image-title=\"La Esperanza cuarta divisi\u00f3n\" data-image-description=\"\" data-image-caption=\"\" data-large-file=\"https:\/\/eldiariodesanpedro.com.ar\/sitio\/wp-content\/uploads\/2018\/07\/La-Esperanza-cuarta-divisi\u00f3n.jpg\" data-src=\"https:\/\/eldiariodesanpedro.com.ar\/sitio\/wp-content\/uploads\/2018\/07\/La-Esperanza-cuarta-divisi\u00f3n.jpg\" alt=\"\" width=\"1000\" height=\"750\" class=\"alignnone size-full wp-image-36507 lazyload\" data-srcset=\"https:\/\/eldiariodesanpedro.com.ar\/sitio\/wp-content\/uploads\/2018\/07\/La-Esperanza-cuarta-divisi\u00f3n.jpg 1000w, https:\/\/eldiariodesanpedro.com.ar\/sitio\/wp-content\/uploads\/2018\/07\/La-Esperanza-cuarta-divisi\u00f3n-300x225.jpg 300w, https:\/\/eldiariodesanpedro.com.ar\/sitio\/wp-content\/uploads\/2018\/07\/La-Esperanza-cuarta-divisi\u00f3n-768x576.jpg 768w\" data-sizes=\"(max-width: 1000px) 100vw, 1000px\" src=\"data:image\/svg+xml;base64,PHN2ZyB3aWR0aD0iMSIgaGVpZ2h0PSIxIiB4bWxucz0iaHR0cDovL3d3dy53My5vcmcvMjAwMC9zdmciPjwvc3ZnPg==\" style=\"--smush-placeholder-width: 1000px; --smush-placeholder-aspect-ratio: 1000\/750;\" \/><br \/>\n<em>La Esperanza cuarta divisi\u00f3n<\/em><\/p>\n","protected":false},"excerpt":{"rendered":"<p>Durante la jornada del s\u00e1bado se disputaron los partidos de ida de las finales del torneo Apertura, siendo las s\u00edntesis en las siguientes: Quinta divisi\u00f3n, final, partido de ida Paran\u00e1 FC 1 &#8211; Independencia FC 1 Paran\u00e1: Juan Fern\u00e1ndez, Bruno Marinelli, Alan Actis, Ramiro Berna, Giovanni Ramanzini, Bautista Camarasa, Valent\u00edn Gauna, Franco Cano, Thiago Bennazar, [&hellip;]<\/p>\n","protected":false},"author":4,"featured_media":36505,"comment_status":"open","ping_status":"closed","sticky":false,"template":"","format":"standard","meta":{"om_disable_all_campaigns":false,"_jetpack_memberships_contains_paid_content":false,"footnotes":""},"categories":[5],"tags":[],"class_list":["post-36504","post","type-post","status-publish","format-standard","has-post-thumbnail","hentry","category-deportes"],"aioseo_notices":[],"gutentor_comment":0,"jetpack_featured_media_url":"https:\/\/eldiariodesanpedro.com.ar\/sitio\/wp-content\/uploads\/2018\/07\/Agricultores-sorprendi\u00f3-con-goleada.jpg","jetpack_shortlink":"https:\/\/wp.me\/p6RhLt-9uM","jetpack_sharing_enabled":true,"_links":{"self":[{"href":"https:\/\/eldiariodesanpedro.com.ar\/sitio\/wp-json\/wp\/v2\/posts\/36504","targetHints":{"allow":["GET"]}}],"collection":[{"href":"https:\/\/eldiariodesanpedro.com.ar\/sitio\/wp-json\/wp\/v2\/posts"}],"about":[{"href":"https:\/\/eldiariodesanpedro.com.ar\/sitio\/wp-json\/wp\/v2\/types\/post"}],"author":[{"embeddable":true,"href":"https:\/\/eldiariodesanpedro.com.ar\/sitio\/wp-json\/wp\/v2\/users\/4"}],"replies":[{"embeddable":true,"href":"https:\/\/eldiariodesanpedro.com.ar\/sitio\/wp-json\/wp\/v2\/comments?post=36504"}],"version-history":[{"count":1,"href":"https:\/\/eldiariodesanpedro.com.ar\/sitio\/wp-json\/wp\/v2\/posts\/36504\/revisions"}],"predecessor-version":[{"id":36508,"href":"https:\/\/eldiariodesanpedro.com.ar\/sitio\/wp-json\/wp\/v2\/posts\/36504\/revisions\/36508"}],"wp:featuredmedia":[{"embeddable":true,"href":"https:\/\/eldiariodesanpedro.com.ar\/sitio\/wp-json\/wp\/v2\/media\/36505"}],"wp:attachment":[{"href":"https:\/\/eldiariodesanpedro.com.ar\/sitio\/wp-json\/wp\/v2\/media?parent=36504"}],"wp:term":[{"taxonomy":"category","embeddable":true,"href":"https:\/\/eldiariodesanpedro.com.ar\/sitio\/wp-json\/wp\/v2\/categories?post=36504"},{"taxonomy":"post_tag","embeddable":true,"href":"https:\/\/eldiariodesanpedro.com.ar\/sitio\/wp-json\/wp\/v2\/tags?post=36504"}],"curies":[{"name":"wp","href":"https:\/\/api.w.org\/{rel}","templated":true}]}}