{"id":36501,"date":"2018-07-15T21:06:23","date_gmt":"2018-07-16T00:06:23","guid":{"rendered":"https:\/\/eldiariodesanpedro.com.ar\/sitio\/?p=36501"},"modified":"2018-07-15T21:06:23","modified_gmt":"2018-07-16T00:06:23","slug":"un-ciudadano-atento-contra-otro-con-un-arma-de-fuego","status":"publish","type":"post","link":"https:\/\/eldiariodesanpedro.com.ar\/sitio\/un-ciudadano-atento-contra-otro-con-un-arma-de-fuego\/","title":{"rendered":"Un ciudadano atent\u00f3 contra otro con un arma de fuego"},"content":{"rendered":"<p><!-- VideographyWP Plugin Message: Automatic video embedding prevented by plugin options. --><br \/>\n  Tras un llamado a la Guardia, personal del Destacamento policial de Gobernador Castro debi\u00f3 concurrir hasta la intersecci\u00f3n de las calles San Mart\u00edn y Rivadavia de la nombrada localidad.<\/p>\n<p>  A su arribo se entrevistan con ciudadanos quienes contaron que cuando circulaban por esa zona un grupo de hombres se les apareci\u00f3 y comenz\u00f3 a insultarlos y amenazarlos. En un momento uno de ellos extrajo de entre sus prendas de vestir un arma de fuego y efectu\u00f3 un disparo hacia ellos.<\/p>\n<p>  Afortunadamente, nadie result\u00f3 lesionado.<\/p>\n<p>  Una vez explicado lo sucedido, los efectivos se abocaron a la b\u00fasqueda del agresor, divis\u00e1ndolo en la calle Estados Unidos, entre Mitre y C\u00f3rdoba. Este se encontraba a simple vista alcoholizado y en estado de alteraci\u00f3n, al ver el personal policial logr\u00f3 fugarse.<\/p>\n<p>  Interviene la UFI N\u00b0 11<\/p>\n","protected":false},"excerpt":{"rendered":"<p>Tras un llamado a la Guardia, personal del Destacamento policial de Gobernador Castro debi\u00f3 concurrir hasta la intersecci\u00f3n de las calles San Mart\u00edn y Rivadavia de la nombrada localidad. A su arribo se entrevistan con ciudadanos quienes contaron que cuando circulaban por esa zona un grupo de hombres se les apareci\u00f3 y comenz\u00f3 a insultarlos [&hellip;]<\/p>\n","protected":false},"author":4,"featured_media":32724,"comment_status":"open","ping_status":"closed","sticky":false,"template":"","format":"standard","meta":{"om_disable_all_campaigns":false,"_jetpack_memberships_contains_paid_content":false,"footnotes":""},"categories":[2,103],"tags":[],"class_list":["post-36501","post","type-post","status-publish","format-standard","has-post-thumbnail","hentry","category-locales","category-policiales-locales"],"aioseo_notices":[],"gutentor_comment":0,"jetpack_featured_media_url":"https:\/\/eldiariodesanpedro.com.ar\/sitio\/wp-content\/uploads\/2018\/05\/La-Polic\u00eda-asisti\u00f3-al-domicilio.jpeg","jetpack_shortlink":"https:\/\/wp.me\/p6RhLt-9uJ","jetpack_sharing_enabled":true,"_links":{"self":[{"href":"https:\/\/eldiariodesanpedro.com.ar\/sitio\/wp-json\/wp\/v2\/posts\/36501","targetHints":{"allow":["GET"]}}],"collection":[{"href":"https:\/\/eldiariodesanpedro.com.ar\/sitio\/wp-json\/wp\/v2\/posts"}],"about":[{"href":"https:\/\/eldiariodesanpedro.com.ar\/sitio\/wp-json\/wp\/v2\/types\/post"}],"author":[{"embeddable":true,"href":"https:\/\/eldiariodesanpedro.com.ar\/sitio\/wp-json\/wp\/v2\/users\/4"}],"replies":[{"embeddable":true,"href":"https:\/\/eldiariodesanpedro.com.ar\/sitio\/wp-json\/wp\/v2\/comments?post=36501"}],"version-history":[{"count":2,"href":"https:\/\/eldiariodesanpedro.com.ar\/sitio\/wp-json\/wp\/v2\/posts\/36501\/revisions"}],"predecessor-version":[{"id":36509,"href":"https:\/\/eldiariodesanpedro.com.ar\/sitio\/wp-json\/wp\/v2\/posts\/36501\/revisions\/36509"}],"wp:featuredmedia":[{"embeddable":true,"href":"https:\/\/eldiariodesanpedro.com.ar\/sitio\/wp-json\/wp\/v2\/media\/32724"}],"wp:attachment":[{"href":"https:\/\/eldiariodesanpedro.com.ar\/sitio\/wp-json\/wp\/v2\/media?parent=36501"}],"wp:term":[{"taxonomy":"category","embeddable":true,"href":"https:\/\/eldiariodesanpedro.com.ar\/sitio\/wp-json\/wp\/v2\/categories?post=36501"},{"taxonomy":"post_tag","embeddable":true,"href":"https:\/\/eldiariodesanpedro.com.ar\/sitio\/wp-json\/wp\/v2\/tags?post=36501"}],"curies":[{"name":"wp","href":"https:\/\/api.w.org\/{rel}","templated":true}]}}