{"id":36498,"date":"2018-07-15T21:00:47","date_gmt":"2018-07-16T00:00:47","guid":{"rendered":"https:\/\/eldiariodesanpedro.com.ar\/sitio\/?p=36498"},"modified":"2018-07-15T21:00:47","modified_gmt":"2018-07-16T00:00:47","slug":"se-recupero-una-motocicleta-con-pedido-de-secuestro-3","status":"publish","type":"post","link":"https:\/\/eldiariodesanpedro.com.ar\/sitio\/se-recupero-una-motocicleta-con-pedido-de-secuestro-3\/","title":{"rendered":"Se recuper\u00f3 una motocicleta con pedido de secuestro"},"content":{"rendered":"<p><!-- VideographyWP Plugin Message: Automatic video embedding prevented by plugin options. --><br \/>\n  Personal policial del Destacamento de Gobernador Castro, conjuntamente con Polic\u00eda Local, procedieron al traslado de un ciudadano que se trasladaba a bordo de motocicleta marca Motomel 150 cc en calle C\u00f3rdoba y calle San Mart\u00edn de esta localidad.<\/p>\n<p>  El veh\u00edculo no contaba con su correspondiente patente y adem\u00e1s, ten\u00eda un pedido de secuestro activo bajo la car\u00e1tula de hurto.<\/p>\n<p>  Interviene la U.F.I N\u00ba 11 disponiendo la notificaci\u00f3n de la causa al sujeto y el secuestro de la motocicleta. <\/p>\n","protected":false},"excerpt":{"rendered":"<p>Personal policial del Destacamento de Gobernador Castro, conjuntamente con Polic\u00eda Local, procedieron al traslado de un ciudadano que se trasladaba a bordo de motocicleta marca Motomel 150 cc en calle C\u00f3rdoba y calle San Mart\u00edn de esta localidad. El veh\u00edculo no contaba con su correspondiente patente y adem\u00e1s, ten\u00eda un pedido de secuestro activo bajo [&hellip;]<\/p>\n","protected":false},"author":4,"featured_media":11797,"comment_status":"open","ping_status":"closed","sticky":false,"template":"","format":"standard","meta":{"om_disable_all_campaigns":false,"_jetpack_memberships_contains_paid_content":false,"footnotes":""},"categories":[2,103],"tags":[],"class_list":["post-36498","post","type-post","status-publish","format-standard","has-post-thumbnail","hentry","category-locales","category-policiales-locales"],"aioseo_notices":[],"gutentor_comment":0,"jetpack_featured_media_url":"https:\/\/eldiariodesanpedro.com.ar\/sitio\/wp-content\/uploads\/2016\/12\/moto-secuestrada.jpg","jetpack_shortlink":"https:\/\/wp.me\/p6RhLt-9uG","jetpack_sharing_enabled":true,"_links":{"self":[{"href":"https:\/\/eldiariodesanpedro.com.ar\/sitio\/wp-json\/wp\/v2\/posts\/36498","targetHints":{"allow":["GET"]}}],"collection":[{"href":"https:\/\/eldiariodesanpedro.com.ar\/sitio\/wp-json\/wp\/v2\/posts"}],"about":[{"href":"https:\/\/eldiariodesanpedro.com.ar\/sitio\/wp-json\/wp\/v2\/types\/post"}],"author":[{"embeddable":true,"href":"https:\/\/eldiariodesanpedro.com.ar\/sitio\/wp-json\/wp\/v2\/users\/4"}],"replies":[{"embeddable":true,"href":"https:\/\/eldiariodesanpedro.com.ar\/sitio\/wp-json\/wp\/v2\/comments?post=36498"}],"version-history":[{"count":2,"href":"https:\/\/eldiariodesanpedro.com.ar\/sitio\/wp-json\/wp\/v2\/posts\/36498\/revisions"}],"predecessor-version":[{"id":36503,"href":"https:\/\/eldiariodesanpedro.com.ar\/sitio\/wp-json\/wp\/v2\/posts\/36498\/revisions\/36503"}],"wp:featuredmedia":[{"embeddable":true,"href":"https:\/\/eldiariodesanpedro.com.ar\/sitio\/wp-json\/wp\/v2\/media\/11797"}],"wp:attachment":[{"href":"https:\/\/eldiariodesanpedro.com.ar\/sitio\/wp-json\/wp\/v2\/media?parent=36498"}],"wp:term":[{"taxonomy":"category","embeddable":true,"href":"https:\/\/eldiariodesanpedro.com.ar\/sitio\/wp-json\/wp\/v2\/categories?post=36498"},{"taxonomy":"post_tag","embeddable":true,"href":"https:\/\/eldiariodesanpedro.com.ar\/sitio\/wp-json\/wp\/v2\/tags?post=36498"}],"curies":[{"name":"wp","href":"https:\/\/api.w.org\/{rel}","templated":true}]}}