{"id":36497,"date":"2018-07-15T20:59:25","date_gmt":"2018-07-15T23:59:25","guid":{"rendered":"https:\/\/eldiariodesanpedro.com.ar\/sitio\/?p=36497"},"modified":"2018-07-15T20:59:25","modified_gmt":"2018-07-15T23:59:25","slug":"un-hombre-aprehendido-tras-tratar-de-agredir-a-la-policia","status":"publish","type":"post","link":"https:\/\/eldiariodesanpedro.com.ar\/sitio\/un-hombre-aprehendido-tras-tratar-de-agredir-a-la-policia\/","title":{"rendered":"Un hombre aprehendido tras tratar de agredir a la polic\u00eda"},"content":{"rendered":"<p><!-- VideographyWP Plugin Message: Automatic video embedding prevented by plugin options. --><br \/>\n  Este s\u00e1bado personal policial se hizo presente en calle Alvarado 645, donde se procedi\u00f3 a la aprehensi\u00f3n de hombre de 27 a\u00f1os quien, al arribo de los efectivos con fines de identificarlo, ofuscado e insultando se abalanz\u00f3 hacia el personal con claras intenciones de agresi\u00f3n. <\/p>\n<p>  El sujeto fue reducido y trasladado a la dependencia, los efectivos resultaron ilesos.   <\/p>\n<p>  Interviene UFI N\u00b0 11 de San Pedro quien dispuso la notificaci\u00f3n de las actuaciones y su posterior libertad. <\/p>\n","protected":false},"excerpt":{"rendered":"<p>Este s\u00e1bado personal policial se hizo presente en calle Alvarado 645, donde se procedi\u00f3 a la aprehensi\u00f3n de hombre de 27 a\u00f1os quien, al arribo de los efectivos con fines de identificarlo, ofuscado e insultando se abalanz\u00f3 hacia el personal con claras intenciones de agresi\u00f3n. El sujeto fue reducido y trasladado a la dependencia, los [&hellip;]<\/p>\n","protected":false},"author":4,"featured_media":31829,"comment_status":"open","ping_status":"closed","sticky":false,"template":"","format":"standard","meta":{"om_disable_all_campaigns":false,"_jetpack_memberships_contains_paid_content":false,"footnotes":""},"categories":[2,103],"tags":[],"class_list":["post-36497","post","type-post","status-publish","format-standard","has-post-thumbnail","hentry","category-locales","category-policiales-locales"],"aioseo_notices":[],"gutentor_comment":0,"jetpack_featured_media_url":"https:\/\/eldiariodesanpedro.com.ar\/sitio\/wp-content\/uploads\/2018\/04\/detenido_658x400_0.jpg","jetpack_shortlink":"https:\/\/wp.me\/p6RhLt-9uF","jetpack_sharing_enabled":true,"_links":{"self":[{"href":"https:\/\/eldiariodesanpedro.com.ar\/sitio\/wp-json\/wp\/v2\/posts\/36497","targetHints":{"allow":["GET"]}}],"collection":[{"href":"https:\/\/eldiariodesanpedro.com.ar\/sitio\/wp-json\/wp\/v2\/posts"}],"about":[{"href":"https:\/\/eldiariodesanpedro.com.ar\/sitio\/wp-json\/wp\/v2\/types\/post"}],"author":[{"embeddable":true,"href":"https:\/\/eldiariodesanpedro.com.ar\/sitio\/wp-json\/wp\/v2\/users\/4"}],"replies":[{"embeddable":true,"href":"https:\/\/eldiariodesanpedro.com.ar\/sitio\/wp-json\/wp\/v2\/comments?post=36497"}],"version-history":[{"count":2,"href":"https:\/\/eldiariodesanpedro.com.ar\/sitio\/wp-json\/wp\/v2\/posts\/36497\/revisions"}],"predecessor-version":[{"id":36500,"href":"https:\/\/eldiariodesanpedro.com.ar\/sitio\/wp-json\/wp\/v2\/posts\/36497\/revisions\/36500"}],"wp:featuredmedia":[{"embeddable":true,"href":"https:\/\/eldiariodesanpedro.com.ar\/sitio\/wp-json\/wp\/v2\/media\/31829"}],"wp:attachment":[{"href":"https:\/\/eldiariodesanpedro.com.ar\/sitio\/wp-json\/wp\/v2\/media?parent=36497"}],"wp:term":[{"taxonomy":"category","embeddable":true,"href":"https:\/\/eldiariodesanpedro.com.ar\/sitio\/wp-json\/wp\/v2\/categories?post=36497"},{"taxonomy":"post_tag","embeddable":true,"href":"https:\/\/eldiariodesanpedro.com.ar\/sitio\/wp-json\/wp\/v2\/tags?post=36497"}],"curies":[{"name":"wp","href":"https:\/\/api.w.org\/{rel}","templated":true}]}}