{"id":36494,"date":"2018-07-15T20:39:45","date_gmt":"2018-07-15T23:39:45","guid":{"rendered":"https:\/\/eldiariodesanpedro.com.ar\/sitio\/?p=36494"},"modified":"2018-07-15T20:39:45","modified_gmt":"2018-07-15T23:39:45","slug":"san-nicolas-un-joven-de-21-anos-fallecio-en-un-accidente-multiple-sobre-ruta-51","status":"publish","type":"post","link":"https:\/\/eldiariodesanpedro.com.ar\/sitio\/san-nicolas-un-joven-de-21-anos-fallecio-en-un-accidente-multiple-sobre-ruta-51\/","title":{"rendered":"SAN NICOL\u00c1S: Un joven de 21 a\u00f1os falleci\u00f3 en un accidente m\u00faltiple sobre Ruta 51"},"content":{"rendered":"<p><!-- VideographyWP Plugin Message: Automatic video embedding prevented by plugin options. --><br \/>\nEl accidente se produjo pasado el mediod\u00eda de ayer y se vieron involucrados un cami\u00f3n, un utilitario y un autom\u00f3vil. El siniestro dej\u00f3 el saldo de un joven de 21 a\u00f1os fallecido y otras cinco personas heridas. Mucho tuvieron que trabajar los Bomberos de P\u00e9rez Mill\u00e1n para extraer a las personas que hab\u00edan quedado atrapadas en los autom\u00f3viles. Durante m\u00e1s de cinco horas estuvo cortado el tr\u00e1nsito sobre la Ruta 51.<\/p>\n<p>  El grave accidente de tr\u00e1nsito se produjo pasado el mediod\u00eda de ayer sobre Ruta 51 en su intersecci\u00f3n con el Camino 082 &#8211; 07, que une las localidades de La Violeta y Guerrico. El siniestro fue protagonizado por tres veh\u00edculos: Un cami\u00f3n Ford Cargo, un utilitario Peugeot Partner y un autom\u00f3vil Peugeot 405. En lugar de los hechos los representantes de la Fiscal\u00eda N\u00ba 8 del Departamento Judicial de Pergamino se mostraron muy medidos a la hora de brindar cualquier tipo de informaci\u00f3n diciendo que las pericias realizadas por la polic\u00eda cient\u00edfica y la declaraci\u00f3n de los dos choferes que sobrevivieron a la tragedia ser\u00e1n de suma importancia para conocer lo sucedido. El fatal saldo del siniestro fue el fallecimiento de Alejandro Panzero, de 21 a\u00f1os de edad, vecino de P\u00e9rez Mill\u00e1n y \u00fanico ocupante de la Partner.<\/p>\n<p><strong>Extraoficial<\/strong><br \/>\n  Los testimonios recogidos por EL NORTE en el lugar de los hechos daban cuenta que el cami\u00f3n Ford Cargo se movilizaba por Ruta 51 en sentido Arrecifes &#8211; Ramallo  y al llegar al cruce se habr\u00eda encontrado de manera sorpresiva con el utilitario que lo hac\u00eda en sentido La Violeta &#8211; Guerrico e intent\u00f3 cruzar la ruta provincial. El camionero habr\u00eda maniobrado para impedir que el choque fuese frontal, pero no pudo evitar golpearlo fuertemente con parte del costado del acoplado. El impacto hizo que el utilitario fuera despedido hac\u00eda la zona de la banquina y el cami\u00f3n sigui\u00f3 una loca carrera en la que choc\u00f3 contra un Peugeot 405 que se encontraba estacionado sobre la mano Ramallo &#8211; Arrecifes, esperando poder doblar hac\u00eda localidad de La Violeta. Terminando su raid sacando de cuajo una columna de alumbrado que se encontraba en la zona de la banquina y se detuvo luego de hacer un \u201cefecto tijera\u201d.<\/p>\n<p><strong>\u201cUn espect\u00e1culo dantesco\u201d<\/strong><br \/>\n  A pocos minutos de haberse producido el accidente arrib\u00f3 al lugar el m\u00f3vil del Destacamento Policial de La Violeta y los Bomberos Voluntarios de P\u00e9rez Mill\u00e1n. El espect\u00e1culo con el que se encontraron fue dantesco, seg\u00fan asegur\u00f3 el jefe del operativo. En el interior de la Partner se encontraba muy mal herido el joven conductor que luego fue identificado como Alejandro Panzero, de 21 a\u00f1os de edad y oriundo de P\u00e9rez Mill\u00e1n, que falleciera antes de ingresar al hospital \u201cJos\u00e9 Mar\u00eda Gomendio\u201d. Corrieron unos metros y dentro del Peugeot 405 estaban los cuatro integrantes de la familia Giles, padre, madre y dos peque\u00f1os, un var\u00f3n de 6 a\u00f1os y una nena de 13, quienes se encontraban atrapados y dando muestras de dolor por los golpes que hab\u00edan recibido. En tanto que el camionero, posteriormente identificado como Julio Vega, de unos 53 a\u00f1os de edad, oriundo de la localidad de O\u00b4Higgins en la provincia de Buenos Aires, y que se dirig\u00eda a buscar una carga a la ciudad de San Nicol\u00e1s, sali\u00f3 por sus propios medios de la cabina y posteriormente cay\u00f3 desmayado.<br \/>\n  \u201cCuando llegamos nos encontramos con personas atrapadas en la Partner, que era el que peor estado mostraba, y tambi\u00e9n en el Peugeot donde ven\u00eda la familia. En tanto que el camionero sali\u00f3 por sus propios medios y luego de caminar unos pasos se desmay\u00f3. Trabajamos mucho para poder extraer a quienes estaban en los veh\u00edculos de menor porte y posteriormente trasladarlos al Hospital Gomendio\u201d, contaba brevemente a EL NORTE el Jefe del operativo de Bomberos, Sergio Pe\u00f1a.<\/p>\n<p><strong>Estado de los heridos<\/strong><br \/>\n  Al momento de cerrar el presente informe period\u00edstico las otras cinco personas que se vieron involucradas en el accidente se encontraban internadas con heridas de diversa consideraci\u00f3n en el Hospital Gomendio.<br \/>\n  Los integrantes de la familia Giles se recuperaban favorablemente de los golpes sufridos, de manera extraoficial en alg\u00fan momento se habl\u00f3 de fracturas en miembros inferiores y superiores de los progenitores, pero su estado no revest\u00eda gravedad. De igual manera no se descartaba que el jefe de familia tuviese que ser trasladado a un centro de mayor complejidad a realizarle estudios al presentar algunos lapsus de desorientaci\u00f3n en tiempo y espacio. En tanto que el camionero sufri\u00f3 fuertes golpes en la zona lumbar y en la columna, pero su estado tampoco revest\u00eda gravedad, seg\u00fan se indic\u00f3 desde el Hospital Gomendio.<\/p>\n<p><strong>El fallecido<\/strong><br \/>\n  En el lugar se sab\u00eda que el joven que se movilizabas en la Partner era oriundo de P\u00e9rez Mill\u00e1n, pero hab\u00eda dudas acerca de su identidad. Se hablaba que su nombre era Alejandro Ib\u00e1\u00f1ez, as\u00ed se presentaba en la red social Facebook, pero hab\u00eda otras personas que lo conoc\u00edan como Alejandro Pancero.<br \/>\n  Finalmente, se confirm\u00f3 que este \u00faltimo era su apellido, que se dedicaba al trabajo rural, en estos momentos habr\u00eda estado desempleado, y que pr\u00f3ximamente iba a ser padre por primera vez, seg\u00fan indic\u00f3 uno de los integrantes del cuerpo de Bomberos Voluntarios que a\u00fan se encontraba conmovido por lo vivido.<\/p>\n","protected":false},"excerpt":{"rendered":"<p>El accidente se produjo pasado el mediod\u00eda de ayer y se vieron involucrados un cami\u00f3n, un utilitario y un autom\u00f3vil. El siniestro dej\u00f3 el saldo de un joven de 21 a\u00f1os fallecido y otras cinco personas heridas. Mucho tuvieron que trabajar los Bomberos de P\u00e9rez Mill\u00e1n para extraer a las personas que hab\u00edan quedado atrapadas [&hellip;]<\/p>\n","protected":false},"author":4,"featured_media":36495,"comment_status":"open","ping_status":"closed","sticky":false,"template":"","format":"standard","meta":{"om_disable_all_campaigns":false,"_jetpack_memberships_contains_paid_content":false,"footnotes":""},"categories":[621],"tags":[],"class_list":["post-36494","post","type-post","status-publish","format-standard","has-post-thumbnail","hentry","category-regionales"],"aioseo_notices":[],"gutentor_comment":0,"jetpack_featured_media_url":"https:\/\/eldiariodesanpedro.com.ar\/sitio\/wp-content\/uploads\/2018\/07\/Un-joven-de-21-a\u00f1os-falleci\u00f3-en-un-accidente-m\u00faltiple-sobre-Ruta-51.jpg","jetpack_shortlink":"https:\/\/wp.me\/p6RhLt-9uC","jetpack_sharing_enabled":true,"_links":{"self":[{"href":"https:\/\/eldiariodesanpedro.com.ar\/sitio\/wp-json\/wp\/v2\/posts\/36494","targetHints":{"allow":["GET"]}}],"collection":[{"href":"https:\/\/eldiariodesanpedro.com.ar\/sitio\/wp-json\/wp\/v2\/posts"}],"about":[{"href":"https:\/\/eldiariodesanpedro.com.ar\/sitio\/wp-json\/wp\/v2\/types\/post"}],"author":[{"embeddable":true,"href":"https:\/\/eldiariodesanpedro.com.ar\/sitio\/wp-json\/wp\/v2\/users\/4"}],"replies":[{"embeddable":true,"href":"https:\/\/eldiariodesanpedro.com.ar\/sitio\/wp-json\/wp\/v2\/comments?post=36494"}],"version-history":[{"count":1,"href":"https:\/\/eldiariodesanpedro.com.ar\/sitio\/wp-json\/wp\/v2\/posts\/36494\/revisions"}],"predecessor-version":[{"id":36496,"href":"https:\/\/eldiariodesanpedro.com.ar\/sitio\/wp-json\/wp\/v2\/posts\/36494\/revisions\/36496"}],"wp:featuredmedia":[{"embeddable":true,"href":"https:\/\/eldiariodesanpedro.com.ar\/sitio\/wp-json\/wp\/v2\/media\/36495"}],"wp:attachment":[{"href":"https:\/\/eldiariodesanpedro.com.ar\/sitio\/wp-json\/wp\/v2\/media?parent=36494"}],"wp:term":[{"taxonomy":"category","embeddable":true,"href":"https:\/\/eldiariodesanpedro.com.ar\/sitio\/wp-json\/wp\/v2\/categories?post=36494"},{"taxonomy":"post_tag","embeddable":true,"href":"https:\/\/eldiariodesanpedro.com.ar\/sitio\/wp-json\/wp\/v2\/tags?post=36494"}],"curies":[{"name":"wp","href":"https:\/\/api.w.org\/{rel}","templated":true}]}}