{"id":36489,"date":"2018-07-15T20:37:55","date_gmt":"2018-07-15T23:37:55","guid":{"rendered":"https:\/\/eldiariodesanpedro.com.ar\/sitio\/?p=36489"},"modified":"2018-07-15T20:37:55","modified_gmt":"2018-07-15T23:37:55","slug":"campana-desde-el-municipio-confirmaron-que-para-2020-no-podran-transitar-mas-camiones-por-la-costanera","status":"publish","type":"post","link":"https:\/\/eldiariodesanpedro.com.ar\/sitio\/campana-desde-el-municipio-confirmaron-que-para-2020-no-podran-transitar-mas-camiones-por-la-costanera\/","title":{"rendered":"CAMPANA: Desde el Municipio confirmaron que para 2020 no podr\u00e1n transitar m\u00e1s camiones por la Costanera"},"content":{"rendered":"<p><!-- VideographyWP Plugin Message: Automatic video embedding prevented by plugin options. --><br \/>\nEn el equipo del intendente Sebasti\u00e1n Abella est\u00e1n trabajando en los lineamientos finales del proyecto que definir\u00e1 la prohibici\u00f3n de circulaci\u00f3n de camiones por el paseo costanero, desde 2020.<\/p>\n<p>  \u201cEstamos trabajando en desarrollar un paseo Costanero para el disfrute de los vecinos y para poder lograr que este espacio tenga este fin es imprescindible que saquemos el transito pesado\u201d, explicaron desde el Ejecutivo Municipal.<br \/>\n  La normativa establecer\u00e1 que los camiones que actualmente salen de la terminal Euroam\u00e9rica deban dirigirse hacia ruta 6 y ya no m\u00e1s por el camino costero donde se desarrollara el paseo p\u00fablico. Tampoco podr\u00e1n pasar por all\u00ed los camiones que operan con la terminal Depsa, ubicada junto a la sede de Prefectura.<br \/>\n  \u201cTenemos un proyecto integral para la Costanera y as\u00ed como estamos recuperando el espacio que ocupaba la arenera, necesitamos avanzar en sacar los camiones que hoy generan un constante deterioro del camino, adem\u00e1s del riesgo para los vecinos que vayan a disfrutar de ese espacio\u201d, se\u00f1alaron desde el Municipio, haciendo hincapi\u00e9 en que antes de fin de a\u00f1o comenzar\u00e1n con los trabajos de desarrollo de un \u00e1rea p\u00fablica a la altura del edificio de la vieja estaci\u00f3n: \u201cLa gobernadora nos ha confirmado que tendremos esos fondos para comenzar a desarrollar el proyecto Costanera y por eso necesitamos avanzar en eliminar todas las trabas que hoy existen, para que de ac\u00e1 a unos a\u00f1os podamos tener un espacio totalmente diferente al que hoy tenemos\u201d.<\/p>\n","protected":false},"excerpt":{"rendered":"<p>En el equipo del intendente Sebasti\u00e1n Abella est\u00e1n trabajando en los lineamientos finales del proyecto que definir\u00e1 la prohibici\u00f3n de circulaci\u00f3n de camiones por el paseo costanero, desde 2020. \u201cEstamos trabajando en desarrollar un paseo Costanero para el disfrute de los vecinos y para poder lograr que este espacio tenga este fin es imprescindible que [&hellip;]<\/p>\n","protected":false},"author":4,"featured_media":36491,"comment_status":"open","ping_status":"closed","sticky":false,"template":"","format":"standard","meta":{"om_disable_all_campaigns":false,"_jetpack_memberships_contains_paid_content":false,"footnotes":""},"categories":[621],"tags":[],"class_list":["post-36489","post","type-post","status-publish","format-standard","has-post-thumbnail","hentry","category-regionales"],"aioseo_notices":[],"gutentor_comment":0,"jetpack_featured_media_url":"https:\/\/eldiariodesanpedro.com.ar\/sitio\/wp-content\/uploads\/2018\/07\/prohibicion-transito-pesado-campana.png","jetpack_shortlink":"https:\/\/wp.me\/p6RhLt-9ux","jetpack_sharing_enabled":true,"_links":{"self":[{"href":"https:\/\/eldiariodesanpedro.com.ar\/sitio\/wp-json\/wp\/v2\/posts\/36489","targetHints":{"allow":["GET"]}}],"collection":[{"href":"https:\/\/eldiariodesanpedro.com.ar\/sitio\/wp-json\/wp\/v2\/posts"}],"about":[{"href":"https:\/\/eldiariodesanpedro.com.ar\/sitio\/wp-json\/wp\/v2\/types\/post"}],"author":[{"embeddable":true,"href":"https:\/\/eldiariodesanpedro.com.ar\/sitio\/wp-json\/wp\/v2\/users\/4"}],"replies":[{"embeddable":true,"href":"https:\/\/eldiariodesanpedro.com.ar\/sitio\/wp-json\/wp\/v2\/comments?post=36489"}],"version-history":[{"count":1,"href":"https:\/\/eldiariodesanpedro.com.ar\/sitio\/wp-json\/wp\/v2\/posts\/36489\/revisions"}],"predecessor-version":[{"id":36492,"href":"https:\/\/eldiariodesanpedro.com.ar\/sitio\/wp-json\/wp\/v2\/posts\/36489\/revisions\/36492"}],"wp:featuredmedia":[{"embeddable":true,"href":"https:\/\/eldiariodesanpedro.com.ar\/sitio\/wp-json\/wp\/v2\/media\/36491"}],"wp:attachment":[{"href":"https:\/\/eldiariodesanpedro.com.ar\/sitio\/wp-json\/wp\/v2\/media?parent=36489"}],"wp:term":[{"taxonomy":"category","embeddable":true,"href":"https:\/\/eldiariodesanpedro.com.ar\/sitio\/wp-json\/wp\/v2\/categories?post=36489"},{"taxonomy":"post_tag","embeddable":true,"href":"https:\/\/eldiariodesanpedro.com.ar\/sitio\/wp-json\/wp\/v2\/tags?post=36489"}],"curies":[{"name":"wp","href":"https:\/\/api.w.org\/{rel}","templated":true}]}}