{"id":36485,"date":"2018-07-15T20:36:09","date_gmt":"2018-07-15T23:36:09","guid":{"rendered":"https:\/\/eldiariodesanpedro.com.ar\/sitio\/?p=36485"},"modified":"2018-07-15T20:36:09","modified_gmt":"2018-07-15T23:36:09","slug":"campana-denuncian-asesinatos-de-perros-en-el-lubo","status":"publish","type":"post","link":"https:\/\/eldiariodesanpedro.com.ar\/sitio\/campana-denuncian-asesinatos-de-perros-en-el-lubo\/","title":{"rendered":"CAMPANA: Denuncian asesinatos de perros en el Lubo"},"content":{"rendered":"<p><!-- VideographyWP Plugin Message: Automatic video embedding prevented by plugin options. --><br \/>\nVecinos de la calle Malvinas, entre Namuncur\u00e1 y Cordeu, indignados por la muerte de media docena de animales en una misma cuadra, mientras que otro par de canes pelean por sobrevivir. Seg\u00fan un veterinario que asisti\u00f3 a una de las familias, podr\u00edan haber sido envenenados.<\/p>\n<p>  La preocupaci\u00f3n invade a los vecinos del bario Lubo, precisamente a quienes viven en la zona de Malvinas entre Namucur\u00e1 y Cordeu, donde al menos media docena de perros aparecieron muertos en sus respectivos hogares.<br \/>\n  \u201cNos est\u00e1n envenenando los perros\u201d dijo una vecina a Campana Noticias, quien adem\u00e1s nos hizo llegar una foto de Oso, su mascota. La segunda que muere, o matan, en el \u00faltimo tiempo. Seg\u00fan el veterinario que lo asisti\u00f3, \u201cfue envenenado con carburo\u00bb, el mismo que puede utilizarse en la producci\u00f3n  de acetileno.<br \/>\n  La semana pasada, un labrador a pocos metros de donde vive la denunciante, sufri\u00f3 la misma suerte. Y en el domicilio de en frente cuatro fueron los canes que perdieron la vida.<br \/>\n  \u201cLa vecina de al lado tiene a su perro agonizando. No sabemos qui\u00e9n puede ser, si lo est\u00e1n haciendo por maldad o por querer robar en las casas donde tenemos perros para cuidar lo nuestro\u201d dijo la mujer, a\u00fan dolida por la p\u00e9rdida de su mascota.<br \/>\n  Al visibilizar esta situaci\u00f3n, los vecinos buscan atraer la mirada de las autoridades solicitando se investigue esta cuesti\u00f3n.<\/p>\n","protected":false},"excerpt":{"rendered":"<p>Vecinos de la calle Malvinas, entre Namuncur\u00e1 y Cordeu, indignados por la muerte de media docena de animales en una misma cuadra, mientras que otro par de canes pelean por sobrevivir. Seg\u00fan un veterinario que asisti\u00f3 a una de las familias, podr\u00edan haber sido envenenados. La preocupaci\u00f3n invade a los vecinos del bario Lubo, precisamente [&hellip;]<\/p>\n","protected":false},"author":4,"featured_media":36488,"comment_status":"open","ping_status":"closed","sticky":false,"template":"","format":"standard","meta":{"om_disable_all_campaigns":false,"_jetpack_memberships_contains_paid_content":false,"footnotes":""},"categories":[621],"tags":[],"class_list":["post-36485","post","type-post","status-publish","format-standard","has-post-thumbnail","hentry","category-regionales"],"aioseo_notices":[],"gutentor_comment":0,"jetpack_featured_media_url":"https:\/\/eldiariodesanpedro.com.ar\/sitio\/wp-content\/uploads\/2018\/07\/Oso-el-segundo-perro-de-la-familia-que-muere-recientemente..jpg","jetpack_shortlink":"https:\/\/wp.me\/p6RhLt-9ut","jetpack_sharing_enabled":true,"_links":{"self":[{"href":"https:\/\/eldiariodesanpedro.com.ar\/sitio\/wp-json\/wp\/v2\/posts\/36485","targetHints":{"allow":["GET"]}}],"collection":[{"href":"https:\/\/eldiariodesanpedro.com.ar\/sitio\/wp-json\/wp\/v2\/posts"}],"about":[{"href":"https:\/\/eldiariodesanpedro.com.ar\/sitio\/wp-json\/wp\/v2\/types\/post"}],"author":[{"embeddable":true,"href":"https:\/\/eldiariodesanpedro.com.ar\/sitio\/wp-json\/wp\/v2\/users\/4"}],"replies":[{"embeddable":true,"href":"https:\/\/eldiariodesanpedro.com.ar\/sitio\/wp-json\/wp\/v2\/comments?post=36485"}],"version-history":[{"count":1,"href":"https:\/\/eldiariodesanpedro.com.ar\/sitio\/wp-json\/wp\/v2\/posts\/36485\/revisions"}],"predecessor-version":[{"id":36490,"href":"https:\/\/eldiariodesanpedro.com.ar\/sitio\/wp-json\/wp\/v2\/posts\/36485\/revisions\/36490"}],"wp:featuredmedia":[{"embeddable":true,"href":"https:\/\/eldiariodesanpedro.com.ar\/sitio\/wp-json\/wp\/v2\/media\/36488"}],"wp:attachment":[{"href":"https:\/\/eldiariodesanpedro.com.ar\/sitio\/wp-json\/wp\/v2\/media?parent=36485"}],"wp:term":[{"taxonomy":"category","embeddable":true,"href":"https:\/\/eldiariodesanpedro.com.ar\/sitio\/wp-json\/wp\/v2\/categories?post=36485"},{"taxonomy":"post_tag","embeddable":true,"href":"https:\/\/eldiariodesanpedro.com.ar\/sitio\/wp-json\/wp\/v2\/tags?post=36485"}],"curies":[{"name":"wp","href":"https:\/\/api.w.org\/{rel}","templated":true}]}}