{"id":36484,"date":"2018-07-15T20:34:29","date_gmt":"2018-07-15T23:34:29","guid":{"rendered":"https:\/\/eldiariodesanpedro.com.ar\/sitio\/?p=36484"},"modified":"2018-07-15T20:34:29","modified_gmt":"2018-07-15T23:34:29","slug":"baradero-axel-kicillof-visito-baradero","status":"publish","type":"post","link":"https:\/\/eldiariodesanpedro.com.ar\/sitio\/baradero-axel-kicillof-visito-baradero\/","title":{"rendered":"BARADERO: Axel Kicillof visit\u00f3 Baradero"},"content":{"rendered":"<p><!-- VideographyWP Plugin Message: Automatic video embedding prevented by plugin options. --><br \/>\nEste viernes, el Diputado Nacional por el Frente Para La Victoria, Axel Kicillof, visit\u00f3 la ciudad. Dio una conferencia de prensa junto a concejales locales de Unidad Ciudadana y mantuvo luego, diversas reuniones. El an\u00e1lisis del delicado contexto econ\u00f3mico actual del pa\u00eds fue un denominador com\u00fan a lo largo de toda su visita en Baradero.<\/p>\n<p>  Su primera actividad, bien temprano, fue una visita al vecino baradarense Pedro, cuya casa fue una de las primeras construidas a trav\u00e9s del PROCREAR, el masivo plan crediticio para la financiaci\u00f3n de viviendas con recursos del Fondo de Garant\u00eda de Sustentabilidad (F.G.S.) puesto en marcha en junio de 2012 por la ex-presidenta Cristina Fern\u00e1ndez de Kirchner.<br \/>\n  Es una gran satisfacci\u00f3n ver c\u00f3mo las pol\u00edticas p\u00fablicas que llevamos adelante le cambiaron la vida a tanta gente, expres\u00f3 Kicillof en su cuenta oficial de Twitter.<br \/>\n  A las 11:00 hs., el Diputado Nacional por la Ciudad de Buenos Aires realiz\u00f3 una conferencia de prensa junto al bloque de concejales del PJ-Unidad Ciudadana de la ciudad, en la que tambi\u00e9n estuvo presente el presidente del Partido Justicialista y ex intendente Aldo Carossi.<br \/>\n  Pasadas las 15:00 hs., el economista comenz\u00f3 una reuni\u00f3n con organizaciones que conforman el Movimiento de Mujeres Baraderenses. La misma se realiz\u00f3 en el bar Club 27, ubicado en la esquina de S\u00e1enz y Gasc\u00f3n.<br \/>\n  A las 16:30 hs., convers\u00f3 en la sala de reuniones del Sindicato de Obreros y Empleados de Refiner\u00edas de Ma\u00edz (S.O.E.R.M.) con representantes gremiales de Baradero y de la zona. La charla gir\u00f3 en torno a la compleja situaci\u00f3n que atraviesan los distintos sectores productivos.<br \/>\nLa desocupaci\u00f3n y el desempleo son las grandes preocupaciones de la regi\u00f3n, expres\u00f3 el funcionario.<br \/>\n  Luego, a las 18:00 hs., Kicillof se reuni\u00f3 con comerciantes y due\u00f1os de PyMES en el centro de comercio. Tras la misma, declar\u00f3:<br \/>\n  \u201cEn la reuni\u00f3n nos comentaron la actual realidad del entramado productivo: ca\u00edda del consumo, aumento de insumos y materias primas, y \u201dtarifazos\u201d junto a las elevadas tasas de inter\u00e9s son una combinaci\u00f3n letal para la industria\u201d.<br \/>\n  Finalmente, pasadas las 19:30 hs. y con una gran convocatoria, llev\u00f3 adelante una charla abierta con vecinos de Baradero y toda la zona en el sal\u00f3n del S.O.E.R.M. En ella puso especial foco en la riesgosa y vol\u00e1til actualidad econ\u00f3mica del pa\u00eds que, seg\u00fan \u00e9l, son producto de las pol\u00edticas aplicadas por la actual gesti\u00f3n del Presidente Mauricio Macri.<\/p>\n","protected":false},"excerpt":{"rendered":"<p>Este viernes, el Diputado Nacional por el Frente Para La Victoria, Axel Kicillof, visit\u00f3 la ciudad. Dio una conferencia de prensa junto a concejales locales de Unidad Ciudadana y mantuvo luego, diversas reuniones. El an\u00e1lisis del delicado contexto econ\u00f3mico actual del pa\u00eds fue un denominador com\u00fan a lo largo de toda su visita en Baradero. [&hellip;]<\/p>\n","protected":false},"author":4,"featured_media":36486,"comment_status":"open","ping_status":"closed","sticky":false,"template":"","format":"standard","meta":{"om_disable_all_campaigns":false,"_jetpack_memberships_contains_paid_content":false,"footnotes":""},"categories":[621],"tags":[],"class_list":["post-36484","post","type-post","status-publish","format-standard","has-post-thumbnail","hentry","category-regionales"],"aioseo_notices":[],"gutentor_comment":0,"jetpack_featured_media_url":"https:\/\/eldiariodesanpedro.com.ar\/sitio\/wp-content\/uploads\/2018\/07\/Axel-Kicillof-visito-Baradero.jpg","jetpack_shortlink":"https:\/\/wp.me\/p6RhLt-9us","jetpack_sharing_enabled":true,"_links":{"self":[{"href":"https:\/\/eldiariodesanpedro.com.ar\/sitio\/wp-json\/wp\/v2\/posts\/36484","targetHints":{"allow":["GET"]}}],"collection":[{"href":"https:\/\/eldiariodesanpedro.com.ar\/sitio\/wp-json\/wp\/v2\/posts"}],"about":[{"href":"https:\/\/eldiariodesanpedro.com.ar\/sitio\/wp-json\/wp\/v2\/types\/post"}],"author":[{"embeddable":true,"href":"https:\/\/eldiariodesanpedro.com.ar\/sitio\/wp-json\/wp\/v2\/users\/4"}],"replies":[{"embeddable":true,"href":"https:\/\/eldiariodesanpedro.com.ar\/sitio\/wp-json\/wp\/v2\/comments?post=36484"}],"version-history":[{"count":1,"href":"https:\/\/eldiariodesanpedro.com.ar\/sitio\/wp-json\/wp\/v2\/posts\/36484\/revisions"}],"predecessor-version":[{"id":36487,"href":"https:\/\/eldiariodesanpedro.com.ar\/sitio\/wp-json\/wp\/v2\/posts\/36484\/revisions\/36487"}],"wp:featuredmedia":[{"embeddable":true,"href":"https:\/\/eldiariodesanpedro.com.ar\/sitio\/wp-json\/wp\/v2\/media\/36486"}],"wp:attachment":[{"href":"https:\/\/eldiariodesanpedro.com.ar\/sitio\/wp-json\/wp\/v2\/media?parent=36484"}],"wp:term":[{"taxonomy":"category","embeddable":true,"href":"https:\/\/eldiariodesanpedro.com.ar\/sitio\/wp-json\/wp\/v2\/categories?post=36484"},{"taxonomy":"post_tag","embeddable":true,"href":"https:\/\/eldiariodesanpedro.com.ar\/sitio\/wp-json\/wp\/v2\/tags?post=36484"}],"curies":[{"name":"wp","href":"https:\/\/api.w.org\/{rel}","templated":true}]}}