{"id":36478,"date":"2018-07-15T20:27:30","date_gmt":"2018-07-15T23:27:30","guid":{"rendered":"https:\/\/eldiariodesanpedro.com.ar\/sitio\/?p=36478"},"modified":"2018-07-15T20:27:30","modified_gmt":"2018-07-15T23:27:30","slug":"elevaron-a-juicio-la-causa-contra-el-ex-intendente-mario-barbieri","status":"publish","type":"post","link":"https:\/\/eldiariodesanpedro.com.ar\/sitio\/elevaron-a-juicio-la-causa-contra-el-ex-intendente-mario-barbieri\/","title":{"rendered":"Elevaron a juicio la causa contra el ex Intendente Mario Barbieri"},"content":{"rendered":"<p><!-- VideographyWP Plugin Message: Automatic video embedding prevented by plugin options. --><br \/>\nQuien fuera la m\u00e1xima autoridad de la ciudad, el arquitecto de su gesti\u00f3n y la titular de la firma constructora ir\u00e1n a juicio por las irregularidades detectadas en la construcci\u00f3n del barrio San Francisco de As\u00eds.<\/p>\n<p>  Culmin\u00f3 la instrucci\u00f3n y la causa por Administraci\u00f3n Fraudulenta, Estafa y Malversaci\u00f3n de Fondos por la cual est\u00e1n procesados el ex Intendente y Diputado Nacional Mario Barbieri, al ex Director de Viviendas de la Municipalidad de San Pedro arquitecto Flavio Peir\u00f3 y la ingeniera Mar\u00eda Alejandra Giribaldi, representante de la empresa a cargo de las obras, ir\u00e1n a juicio.<br \/>\n  La fiscal Viviana Ramos elev\u00f3 la causa a juicio y ahora habr\u00e1 que aguardar que el Tribunal fije la fecha de la jornada de debate.<br \/>\n  La investigaci\u00f3n estuvo trazada en torno a las irregularidades detectadas en la construcci\u00f3n del barrio San Francisco de As\u00eds donde una cantidad importante de familias se vieron seriamente afectadas. La denuncia fue efectuada por los propietarios de las viviendas m\u00e1s una presentaci\u00f3n que oportunamente realiz\u00f3 el bloque de concejales del PJ.   <\/p>\n<p>Fuente: San Pedro Informa &#8211; FM Genesis<\/p>\n","protected":false},"excerpt":{"rendered":"<p>Quien fuera la m\u00e1xima autoridad de la ciudad, el arquitecto de su gesti\u00f3n y la titular de la firma constructora ir\u00e1n a juicio por las irregularidades detectadas en la construcci\u00f3n del barrio San Francisco de As\u00eds. Culmin\u00f3 la instrucci\u00f3n y la causa por Administraci\u00f3n Fraudulenta, Estafa y Malversaci\u00f3n de Fondos por la cual est\u00e1n procesados [&hellip;]<\/p>\n","protected":false},"author":4,"featured_media":10701,"comment_status":"open","ping_status":"closed","sticky":false,"template":"","format":"standard","meta":{"om_disable_all_campaigns":false,"_jetpack_memberships_contains_paid_content":false,"footnotes":""},"categories":[2,102],"tags":[],"class_list":["post-36478","post","type-post","status-publish","format-standard","has-post-thumbnail","hentry","category-locales","category-politica-locales"],"aioseo_notices":[],"gutentor_comment":0,"jetpack_featured_media_url":"https:\/\/eldiariodesanpedro.com.ar\/sitio\/wp-content\/uploads\/2016\/11\/Barbieri-.jpg","jetpack_shortlink":"https:\/\/wp.me\/p6RhLt-9um","jetpack_sharing_enabled":true,"_links":{"self":[{"href":"https:\/\/eldiariodesanpedro.com.ar\/sitio\/wp-json\/wp\/v2\/posts\/36478","targetHints":{"allow":["GET"]}}],"collection":[{"href":"https:\/\/eldiariodesanpedro.com.ar\/sitio\/wp-json\/wp\/v2\/posts"}],"about":[{"href":"https:\/\/eldiariodesanpedro.com.ar\/sitio\/wp-json\/wp\/v2\/types\/post"}],"author":[{"embeddable":true,"href":"https:\/\/eldiariodesanpedro.com.ar\/sitio\/wp-json\/wp\/v2\/users\/4"}],"replies":[{"embeddable":true,"href":"https:\/\/eldiariodesanpedro.com.ar\/sitio\/wp-json\/wp\/v2\/comments?post=36478"}],"version-history":[{"count":2,"href":"https:\/\/eldiariodesanpedro.com.ar\/sitio\/wp-json\/wp\/v2\/posts\/36478\/revisions"}],"predecessor-version":[{"id":36483,"href":"https:\/\/eldiariodesanpedro.com.ar\/sitio\/wp-json\/wp\/v2\/posts\/36478\/revisions\/36483"}],"wp:featuredmedia":[{"embeddable":true,"href":"https:\/\/eldiariodesanpedro.com.ar\/sitio\/wp-json\/wp\/v2\/media\/10701"}],"wp:attachment":[{"href":"https:\/\/eldiariodesanpedro.com.ar\/sitio\/wp-json\/wp\/v2\/media?parent=36478"}],"wp:term":[{"taxonomy":"category","embeddable":true,"href":"https:\/\/eldiariodesanpedro.com.ar\/sitio\/wp-json\/wp\/v2\/categories?post=36478"},{"taxonomy":"post_tag","embeddable":true,"href":"https:\/\/eldiariodesanpedro.com.ar\/sitio\/wp-json\/wp\/v2\/tags?post=36478"}],"curies":[{"name":"wp","href":"https:\/\/api.w.org\/{rel}","templated":true}]}}